{"id":86,"date":"2007-06-24T14:06:14","date_gmt":"2007-06-24T13:06:14","guid":{"rendered":"http:\/\/blogjeanmi.danslamarge.com\/2007\/06\/24\/un-siecle-vu-den-bas-yves-dauriac\/"},"modified":"2007-06-24T14:06:14","modified_gmt":"2007-06-24T13:06:14","slug":"un-siecle-vu-den-bas-yves-dauriac","status":"publish","type":"post","link":"https:\/\/blogjeanmi.danslamarge.com\/?p=86","title":{"rendered":"Un si\u00e8cle vu d&rsquo;en bas &#8211; Yves Dauriac"},"content":{"rendered":"<p class=\"MsoNormal\"><span style=\"color: black\">Voici un petit livre dont le titre sonnera comme un r\u00e9f\u00e9rence \u00e0 l\u2019histoire proche,<span>\u00a0 <\/span>une expression du ci-devant citoyen Jean-Pierre Raffarin, ex-premier ministre de Jacques Chirac et grand lib\u00e9ral devant l\u2019Eternel. Lequel parlait de \u00ab\u00a0La France d\u2019en bas\u00a0\u00bb comme de celle qu\u2019il connaissait et repr\u00e9sentait\u00a0; belle escroquerie m\u00e9diatique encourag\u00e9e par le moutonnisme journaleux toujours enclin \u00e0 r\u00e9p\u00e9ter les m\u00eames formules surtout si elles n\u2019ont pas de sens. Ce choix de titre n\u2019est pas le fruit du hasard\u00a0: l\u2019auteur, Yves Dauriac est un fin connaisseur de la politique fran\u00e7aise dont il est un militant de base depuis soixante ans. Homme de gauche qui a pay\u00e9 pour la fid\u00e9lit\u00e9 \u00e0 ses convictions, il est aussi un historien-g\u00e9ographe de m\u00e9tier, professeur, proviseur et collaborateur, entre autres du \u00ab\u00a0Maitron\u00a0\u00bb, ce dictionnaire incomparable des militants ouvriers fran\u00e7ais. Elu local, militant des droits de l\u2019homme, de l\u2019Unesco, pionnier du rapprochement franco-allemand d\u00e8s son origine, Yves Dauriac est un homme d\u2019action qui r\u00e9fl\u00e9chit. Il nous livre ici sa vision de l\u2019histoire sur trois quarts de si\u00e8cle.<\/span><\/p>\n<p class=\"MsoNormal\">&nbsp;<\/p>\n<p class=\"MsoNormal\" align=\"center\"><img decoding=\"async\" src=\"file:\/\/\/C:\/DOCUME%7E1\/JEANMI%7E1\/LOCALS%7E1\/TEMP\/moz-screenshot.jpg\" \/><a href=\"https:\/\/blogjeanmi.danslamarge.com\/wp-content\/uploads\/2007\/06\/siecle-en-bas-dauriac-yves.jpg\" title=\"siecle-en-bas-dauriac-yves.jpg\"><img loading=\"lazy\" decoding=\"async\" src=\"https:\/\/blogjeanmi.danslamarge.com\/wp-content\/uploads\/2007\/06\/siecle-en-bas-dauriac-yves.jpg\" alt=\"siecle-en-bas-dauriac-yves.jpg\" height=\"690\" width=\"466\" \/><\/a><\/p>\n<p class=\"MsoNormal\"><span style=\"color: black\">\u00ab\u00a0Vu d\u2019en bas\u00a0\u00bb, certes, car v\u00e9cu par un citoyen ordinaire qui n\u2019a pas b\u00e9n\u00e9fici\u00e9 de pouvoirs et de passe-droit, mais certainement pas \u00ab\u00a0vu par en bas\u00a0\u00bb, au sens o\u00f9 cet homme n\u2019est pas un b\u00e9otien, mais bel et bien un homme cultiv\u00e9 qui poss\u00e8de les cl\u00e9s de compr\u00e9hension du monde et de sa politique. Il y ajoute un engagement socialiste jamais trahi, mais sans verser dans le parti-pris subjectif et hargneux. Ainsi, \u00e0 propos d\u2019un homme qu\u2019il a combattu politiquement, \u00e9crit-il\u00a0:<o:p><\/o:p><\/span><\/p>\n<p class=\"MsoNormal\"><strong><span style=\"color: black\"><!--[if !supportEmptyParas]-->\u00a0<!--[endif]--><o:p><\/o:p><\/span><\/strong><\/p>\n<p class=\"MsoNormal\"><strong><span style=\"color: black\">\u00ab\u00a0<\/span><span style=\"color: red\">Aussi Giscard d\u2019Estaing, qui a senti ses aspirations, et qui, en d\u00e9pit d\u2019une allure un peu grand seigneur, est un homme ouvert et g\u00e9n\u00e9reux, va donner une teinte sociale \u00e0 son mandat.<\/span><span style=\"color: black\">\u00a0\u00bb page 92<o:p><\/o:p><\/span><\/strong><\/p>\n<p class=\"MsoNormal\"><strong><span style=\"color: black\">\u00a0<!--[endif]--><o:p><\/o:p><\/span><\/strong><\/p>\n<p class=\"MsoNormal\"><span style=\"color: black\">On trouverait aussi des propos respectueux de l\u2019adversaire sur le G\u00e9n\u00e9ral de Gaulle qu\u2019il a pourtant combattu constamment. Mais bien s\u00fbr l\u2019analyse reste une analyse socialiste de l\u2019histoire, celle de la grande tradition jaur\u00e9sienne de la SFIO. <o:p><\/o:p><\/span><\/p>\n<p class=\"MsoNormal\"><span style=\"color: black\"><!--[if !supportEmptyParas]-->\u00a0<!--[endif]--><o:p><\/o:p><\/span><\/p>\n<p class=\"MsoNormal\"><span style=\"color: black\">Une fois ces remarques faites sur l\u2019auteur et son approche historique, venons-en au contenu \u00e0 proprement parler. Le choix r\u00e9dactionnel est explicit\u00e9 dans le sous-titre\u00a0: il s\u2019agit de chroniques, assez courtes qui encha\u00eenent les moments de l\u2019histoire. Une quarantaine de textes balisent ainsi l\u2019histoire du si\u00e8cle de la boucherie de 1914 \u00e0 nos jours. L\u2019histoire de France y tient une place pr\u00e9pond\u00e9rante, c\u2019est le terrain sur lequel l\u2019auteur est le plus pointu et celui sur lequel il a agi. Mais l\u2019histoire mondiale est aussi bien pr\u00e9sente, avec ses grands s\u00e9ismes et ses moments-cl\u00e9s. De loin en loin, des pages de documents hors-textes en noir et blanc donnent de bons contrepoints, notamment par des unes de presse d\u2019\u00e9poque. Mais, pour qui conna\u00eet l\u2019auteur assez intimement, comme moi, certaines chroniques sont des tranches d\u2019autobiographie qui ne disent pas leur nom. Ainsi celle intitul\u00e9e \u00ab\u00a0Une jeunesse entre espoir et inqui\u00e9tude\u00a0\u00bb porte trace de sa vie et je ne r\u00e9siste pas \u00e0 l\u00a0\u2018envie de citer ce passage\u00a0:<o:p><\/o:p><\/span><\/p>\n<p class=\"MsoNormal\"><strong><span style=\"color: black\"><!--[if !supportEmptyParas]-->\u00a0<!--[endif]--><o:p><\/o:p><\/span><\/strong><\/p>\n<p class=\"MsoNormal\"><strong><span style=\"color: black\">\u00ab\u00a0 <\/span><span style=\"color: red\">Pour ceux qui ont la chance de poursuivre \u00e9tudes ou apprentissage scolaire, une s\u00e9gr\u00e9gation tr\u00e8s nette s\u2019\u00e9tablit. Les \u00ab\u00a0riches\u00a0\u00bb vont au Lyc\u00e9e ou au Coll\u00e8ge, vers le Baccalaur\u00e9at et les professions prestigieuses\u00a0: m\u00e9decins, avocats, professeurs officiers. Les enfants des petits employ\u00e9s, ouvriers, plus rarement paysans, vont \u00e0 l\u2019Ecole Primaire Sup\u00e9rieure ou Pratique, ou au Cours Compl\u00e9mentaire pour acc\u00e9der en trois ans, avec un Brevet El\u00e9mentaire \u00e0 un travail r\u00e9mun\u00e9r\u00e9. Pour les petites gens, l\u2019Ecole Normale d\u2019Instituteurs est la voie royale, mais il y a aussi, la Poste, les Banques, le Tr\u00e9sor, les Ponts et Chauss\u00e9es, les Chemins de Fer, et m\u00eame, pour les techniques, les Arts et M\u00e9tiers<\/span><span style=\"color: black\">\u00a0\u00bb page 34<o:p><\/o:p><\/span><\/strong><\/p>\n<p class=\"MsoNormal\"><strong><span style=\"color: black\"><!--[if !supportEmptyParas]-->\u00a0<\/span><\/strong><\/p>\n<p class=\"MsoNormal\"><span style=\"color: black\">Yves Dauriac parle l\u00e0 en connaissance de cause, lui qui est fils de sous-officier de gendarmerie et petit-fils de paysans p\u00e9rigourdins tr\u00e8s modestes. Sa vie professionnelle a en effet commenc\u00e9 par le passage \u00e0 l\u2019EN de<span>\u00a0 <\/span>La Rochelle et le m\u00e9tier d\u2019instituteur, partag\u00e9 avec son \u00e9pouse qui fut de tous ses combats. C\u2019est par un travail personnel et solitaire qu\u2019il passa ses dipl\u00f4mes d\u2019histoire et g\u00e9ographie et se pr\u00e9senta ensuite au CAPES et \u00e0 l\u2019Agr\u00e9gation. Fils de petites gens il l\u2019est et n\u2019usurpe pas son appartenance au peuple, vrai nom de la \u00ab\u00a0France d\u2019en bas\u00a0\u00bb, cette m\u00e9prisante formule d\u2019un bourgeois poitevin. De la m\u00eame mani\u00e8re, la chronique titr\u00e9e \u00ab\u00a0Vie ouvri\u00e8re et paysanne des ann\u00e9es trente\u00a0\u00bb est fond\u00e9e sur une tranche de vie du jeune Dauriac. Ainsi ce livre pr\u00e9sente-t-il une histoire incarn\u00e9e, loin des discours acad\u00e9miques. Mais la rigueur de l\u2019information en fait aussi un ouvrage de r\u00e9f\u00e9rence\u00a0; et l\u2019on ne peut que d\u00e9plorer qu\u2019un \u00e9diteur connu n\u2019ait pas cru bon de produire ce livre. Mais ceux-ci sont prisonniers d\u2019un microcosme de r\u00e9seau qui exclut le provincial et l\u2019inconnu.<o:p><\/o:p><\/span><\/p>\n<p class=\"MsoNormal\"><span style=\"color: black\"><!--[if !supportEmptyParas]-->\u00a0<!--[endif]--><o:p><\/o:p><\/span><\/p>\n<p class=\"MsoNormal\"><span style=\"color: black\">L\u2019ouvrage se termine par un derni\u00e8re chronique sobrement titr\u00e9 \u00ab\u00a0R\u00e9flexions personnelles\u00a0\u00bb, qui est en fait, une \u00e9pure de bilan de vie. Que penser du si\u00e8cle pass\u00e9\u00a0? Comment agir aujourd\u2019hui\u00a0? L\u2019auteur d\u00e9gage l\u2019aspect passionnant de ce si\u00e8cle vingti\u00e8me, les progr\u00e8s incontestables accomplis, mais on le sent, in fine, assez prudent sur l\u2019avenir radieux.<o:p><\/o:p><\/span><\/p>\n<p class=\"MsoNormal\"><span style=\"color: black\"><!--[if !supportEmptyParas]-->\u00a0<\/span><\/p>\n<p class=\"MsoNormal\"><strong><span style=\"color: red\">\u00ab\u00a0 Les gigantesques progr\u00e8s scientiques rendront-ils plus heureux\u00a0? Rabelais avec son \u00ab\u00a0science sans conscience n\u2019est que ruine de l\u2019\u00e2me\u00a0\u00bb en doutait d\u00e9j\u00e0.<o:p><\/o:p><\/span><\/strong><\/p>\n<p class=\"MsoNormal\"><strong><span style=\"color: red\">Rien de bien nouveau donc dans les soci\u00e9t\u00e9s humaines, mais la diffusion rapide et universelle de l\u2019information nous sensibilise davantage au sort de la plan\u00e8te enti\u00e8re. <em>Nous nous devons d\u2019agir maintenant en tant que Citoyen du Monde<\/em><\/span><span style=\"color: black\">\u00a0\u00bb page 126<o:p><\/o:p><\/span><\/strong><\/p>\n<p class=\"MsoNormal\"><strong><span style=\"color: black\"><!--[if !supportEmptyParas]-->\u00a0<!--[endif]--><o:p><\/o:p><\/span><\/strong><\/p>\n<p class=\"MsoNormal\"><span style=\"color: black\">C\u2019est le mot de la fin. On comprend bien que le socialiste Yves Dauriac n\u2019a pas trahi l\u2019internationalisme prol\u00e9tarien\u00a0. Cependant on le sent un peu d\u00e9sabus\u00e9 sur le progr\u00e8s et ses finalit\u00e9s. Le bonheur comme sens de la vie fait alors retour. En lisant ces lignes je ne puis que penser aux mots d\u2019un autre sage, H\u00e9breux lui, qui a \u00e9crit il y bien longtemps\u00a0:<o:p><\/o:p><\/span><\/p>\n<p class=\"MsoNormal\"><span style=\"color: black\"><!--[if !supportEmptyParas]-->\u00a0<!--[endif]--><o:p><\/o:p><\/span><\/p>\n<p class=\"MsoNormal\"><span style=\"color: black\">\u00ab\u00a0Que reste-t-il \u00e0 l\u2019homme de toute la peine qu\u2019il se donne sous le soleil\u00a0? [\u2026] Ce qui a \u00e9t\u00e9, c\u2019est ce qui sera, et ce qui s\u2019est fait, c\u2019est ce qui se fera, il n\u2019y rien de nouveau sous le soleil.\u00a0\u00bb Eccl\u00e9siaste chapitre 1 versets 3 et 9.<o:p><\/o:p><\/span><\/p>\n<p class=\"MsoNormal\"><span style=\"color: black\"><!--[if !supportEmptyParas]-->\u00a0<!--[endif]--><o:p><\/o:p><\/span><\/p>\n<p class=\"MsoNormal\"><span style=\"color: black\">Il faut souvent atteindre le soir de sa vie pour revenir \u00e0 la nature humaine, intangible et d\u00e9cevante. Ce livre est tout autant un bilan personnel qu\u2019un survol historique.<o:p><\/o:p><\/span><\/p>\n<p class=\"MsoNormal\"><span style=\"color: black\"><!--[if !supportEmptyParas]-->\u00a0<\/span><\/p>\n<p class=\"MsoNormal\"><span style=\"color: black\">Je recommande cet ouvrage aux professeurs d\u2019histoire de coll\u00e8ges et de lyc\u00e9e, aux documentalistes de France, qui devraient tous et toutes en avoir un dans leur rayonnages, pour aoffrir un autre \u00e9clairage sur l\u2019histoire, aux c\u00f4t\u00e9s de la belle collection \u00ab\u00a0Terre Humaine\u00a0\u00bb de Jean Malaurie. Ce livre est de la m\u00eame famille.<o:p><\/o:p><\/span><\/p>\n<p class=\"MsoNormal\"><span style=\"color: black\">Vous pouvez le commander chez l\u2019\u00e9diteur\u00a0:<o:p><\/o:p><\/span><\/p>\n<p class=\"MsoNormal\"><span style=\"color: black\">Atlantica-S\u00e9guier\u00a0: pays basque \u2013 18 all\u00e9e Marie-Politzer 64200 Biarritz<o:p><\/o:p><\/span><\/p>\n<p class=\"MsoNormal\"><span style=\"color: black\">Vous pouvez aller voir leur catalogue en ligne sur\u00a0: <a href=\"http:\/\/www.atlantica.fr\/\">www.atlantica.fr<\/a><o:p><\/o:p><\/span><\/p>\n<p class=\"MsoNormal\"><span style=\"color: black\">Vous pouvez r\u00e9agir sur ce livre en nous contactant sur ce site, nous transmettrons \u00e0 l\u2019auteur.<o:p><\/o:p><\/span><\/p>\n<p class=\"MsoNormal\"><span style=\"color: black\"><!--[if !supportEmptyParas]-->\u00a0<!--[endif]--><o:p><\/o:p><\/span><\/p>\n<p class=\"MsoNormal\"><span style=\"color: black\">Jean-Michel Dauriac*<o:p><\/o:p><\/span><\/p>\n<p class=\"MsoNormal\"><span style=\"color: black\"><!--[if !supportEmptyParas]-->\u00a0<!--[endif]--><o:p><\/o:p><\/span><\/p>\n<p class=\"MsoNormal\"><span style=\"color: black\">* la similitude de nom ne rel\u00e8ve pas des hasards, l\u2019auteur de ce livre est l\u2019oncle de l\u2019auteur de cet article. Contrairement \u00e0 ce que l\u2019on pourrait penser, je n\u2019\u00e9cris pas l\u00e0 un article de complaisance, mais un<\/span><span style=\"color: black\"> propos objectif sur un livre-t\u00e9moignage important. Que l\u2019on ait senti l\u2019affection et l\u2019estime qui me lient \u00e0 mon oncle (et ma tante) n\u2019emp\u00eache en rien de faire un travail critique s\u00e9rieux. J\u2019attends vos remarques avec impatience.<o:p><\/o:p><\/span><\/p>\n<p class=\"MsoNormal\"><span style=\"color: black\"><!--[if !supportEmptyParas]-->\u00a0<!--[endif]--><o:p><\/o:p><\/span><\/p>\n<p class=\"MsoNormal\"><span style=\"color: black\"><!--[if !supportEmptyParas]-->\u00a0<!--[endif]--><o:p><\/o:p><\/span><\/p>\n<p class=\"MsoNormal\"><span style=\"color: black\"><!--[if !supportEmptyParas]-->\u00a0<!--[endif]--><o:p><\/o:p><\/span><\/p>\n<p class=\"MsoNormal\"><span style=\"color: black\"><!--[if !supportEmptyParas]-->\u00a0<!--[endif]--><o:p><\/o:p><\/span><\/p>\n<p><a href=\"https:\/\/blogjeanmi.danslamarge.com\/wp-content\/uploads\/2007\/06\/siecle-en-bas-dauriac-yves.jpg\" title=\"siecle-en-bas-dauriac-yves.jpg\"><br \/>\n<\/a><\/p>\n","protected":false},"excerpt":{"rendered":"<p>Voici un petit livre dont le titre sonnera comme un r\u00e9f\u00e9rence \u00e0 l\u2019histoire proche,\u00a0 une expression du ci-devant citoyen Jean-Pierre Raffarin, ex-premier ministre de Jacques&#8230;<\/p>\n<div class=\"more-link-wrapper\"><a class=\"more-link\" href=\"https:\/\/blogjeanmi.danslamarge.com\/?p=86\">Continue reading<span class=\"screen-reader-text\">Un si\u00e8cle vu d&rsquo;en bas &#8211; Yves Dauriac<\/span><\/a><\/div>\n","protected":false},"author":1,"featured_media":0,"comment_status":"open","ping_status":"open","sticky":false,"template":"","format":"standard","meta":{"footnotes":""},"categories":[4,5],"tags":[],"class_list":["post-86","post","type-post","status-publish","format-standard","hentry","category-les-critiques","category-les-livres-essais","entry"],"_links":{"self":[{"href":"https:\/\/blogjeanmi.danslamarge.com\/index.php?rest_route=\/wp\/v2\/posts\/86","targetHints":{"allow":["GET"]}}],"collection":[{"href":"https:\/\/blogjeanmi.danslamarge.com\/index.php?rest_route=\/wp\/v2\/posts"}],"about":[{"href":"https:\/\/blogjeanmi.danslamarge.com\/index.php?rest_route=\/wp\/v2\/types\/post"}],"author":[{"embeddable":true,"href":"https:\/\/blogjeanmi.danslamarge.com\/index.php?rest_route=\/wp\/v2\/users\/1"}],"replies":[{"embeddable":true,"href":"https:\/\/blogjeanmi.danslamarge.com\/index.php?rest_route=%2Fwp%2Fv2%2Fcomments&post=86"}],"version-history":[{"count":0,"href":"https:\/\/blogjeanmi.danslamarge.com\/index.php?rest_route=\/wp\/v2\/posts\/86\/revisions"}],"wp:attachment":[{"href":"https:\/\/blogjeanmi.danslamarge.com\/index.php?rest_route=%2Fwp%2Fv2%2Fmedia&parent=86"}],"wp:term":[{"taxonomy":"category","embeddable":true,"href":"https:\/\/blogjeanmi.danslamarge.com\/index.php?rest_route=%2Fwp%2Fv2%2Fcategories&post=86"},{"taxonomy":"post_tag","embeddable":true,"href":"https:\/\/blogjeanmi.danslamarge.com\/index.php?rest_route=%2Fwp%2Fv2%2Ftags&post=86"}],"curies":[{"name":"wp","href":"https:\/\/api.w.org\/{rel}","templated":true}]}}