{"id":226,"date":"2015-01-17T13:20:13","date_gmt":"2015-01-17T12:20:13","guid":{"rendered":"http:\/\/blogjeanmi.danslamarge.com\/2015\/01\/17\/devoilement-intelligent-d%e2%80%99un-monstre-sacre-de-la-musique\/"},"modified":"2020-06-11T11:25:11","modified_gmt":"2020-06-11T10:25:11","slug":"devoilement-intelligent-dun-monstre-sacre-de-la-musique","status":"publish","type":"post","link":"https:\/\/blogjeanmi.danslamarge.com\/?p=226","title":{"rendered":"D\u00e9voilement intelligent d\u2019un monstre sacr\u00e9 de la musique"},"content":{"rendered":"<p><!--[if !mso]> \n\n\n\n<style> v\\:* {behavior:url(#default#VML);} o\\:* {behavior:url(#default#VML);} w\\:* {behavior:url(#default#VML);} .shape {behavior:url(#default#VML);} <\/style>\n\n\n\n <![endif]--><\/p>\n<h1 style=\"text-align: center\" align=\"center\"><span style=\"font-size: 16pt\"><br \/>\n<\/span><\/h1>\n<p class=\"MsoTitle\">&nbsp;<\/p>\n<p class=\"MsoTitle\" align=\"center\"><span style=\"font-size: 14pt\">Bach \u2013 Un sacr\u00e9 temp\u00e9rament<\/span><\/p>\n<p class=\"MsoNormal\" style=\"text-align: center\" align=\"center\">Mich\u00e8le Lhopiteau-Dorfeuille \u2013 LE BORD DE L\u2019EAU \u00e9ditions \u2013 2014 \u2013 246 pages<\/p>\n<p class=\"MsoNormal\">&nbsp;<\/p>\n<p class=\"MsoNormal\" style=\"text-align: center\" align=\"center\"><a href=\"https:\/\/blogjeanmi.danslamarge.com\/wp-content\/uploads\/2015\/01\/michel-lhopiteau.jpg\" title=\"michel-lhopiteau.jpg\"><img loading=\"lazy\" decoding=\"async\" src=\"https:\/\/blogjeanmi.danslamarge.com\/wp-content\/uploads\/2015\/01\/michel-lhopiteau.jpg\" alt=\"michel-lhopiteau.jpg\" height=\"335\" width=\"596\"><\/a><\/p>\n<p class=\"MsoNormal\">&nbsp;<\/p>\n<p class=\"MsoNormal\" style=\"text-align: justify; text-indent: 35.45pt\">Ce livre est d\u2019abord un bel objet&nbsp;: Une couverture robuste et classieuse, un mise en page soign\u00e9e et un cahier de reproduction documentaire au milieu, et surtout, bine prot\u00e9g\u00e9s dans la couverture avant et arri\u00e8re, deux Cd de musique illustrant le propos de l\u2019auteur.<\/p>\n<p class=\"MsoNormal\" style=\"text-align: justify; text-indent: 35.45pt\">L\u2019id\u00e9e de l\u2019ouvrage est en effet de proposer au fil de a lecture les illustrations sonores importantes. Ceci semble une \u00e9vidence pour des ouvrages de musicologie, mais, en fait bien peu proposent des extraits \u00e9tayant le dire des auteurs. Un bon point donc pour cet ouvrage.<\/p>\n<p class=\"MsoNormal\" style=\"text-align: justify; text-indent: 35.45pt\">S\u2019installer confortablement dans un fauteuil, sa t\u00e9l\u00e9commande \u00e0 proximit\u00e9 pour envoyer les plages au fur et \u00e0 mesure de l\u2019avancement de la lecture. E c\u2019est parti&nbsp;!<\/p>\n<p class=\"MsoBodyTextIndent\">Mich\u00e8le Lhopiteau a \u00e9vit\u00e9 le pi\u00e8ge tendu par un tel monstre sacr\u00e9 que J.S Bach \u2013 comme elle avait su si bien le faire pour son \u00ab&nbsp;Mozart&nbsp;\u00bb&nbsp;!-&nbsp;: la biographie \u00e9rudite et pointilliste de l\u2019hyper-sp\u00e9cialiste exigeant. Ce qui donne en g\u00e9n\u00e9ral des pav\u00e9s avoisinant le millier de pages, certes complets, mais assez rebutant pour le public ordinaire. Elle pris le m\u00eame principe qui lui avait r\u00e9ussi avec Mozart, \u00e0 savoir des angles th\u00e9matiques divers qui en pr\u00e9tendent nullement \u00e0 l\u2019exhaustivit\u00e9, mais tiennent le lecteur moyen en haleine sans cesse. Ni trop brefs, ni trop longs.. Les th\u00e8mes incontournables sont l\u00e0, ceux qui l\u2019auraient discr\u00e9dit\u00e9e si elles ne les avaient pas abord\u00e9s&nbsp;: la famille Bach, le contexte luth\u00e9rien et la foi de Bach, le m\u00e9tier de cantor et la condition sociale difficile du musicien \u00e0 cette \u00e9poque baroque\u2026 On y trouve la base essentielle d\u2019une bonne culture d\u2019honn\u00eate homme du temps pr\u00e9sent.<span>&nbsp; <\/span>Mais la grande force de ce livre est d\u2019oser des chapitres improbables.<\/p>\n<p class=\"MsoBodyTextIndent\">&nbsp;<\/p>\n<p class=\"MsoNormal\" style=\"text-align: justify; text-indent: 35.45pt\"><a href=\"https:\/\/blogjeanmi.danslamarge.com\/wp-content\/uploads\/2015\/01\/bach-livre-lhopiteau.jpg\" title=\"bach-livre-lhopiteau.jpg\"><\/a><\/p>\n<p style=\"text-align: center\"><a href=\"https:\/\/blogjeanmi.danslamarge.com\/wp-content\/uploads\/2015\/01\/bach-livre-lhopiteau.jpg\" title=\"bach-livre-lhopiteau.jpg\"><img loading=\"lazy\" decoding=\"async\" src=\"https:\/\/blogjeanmi.danslamarge.com\/wp-content\/uploads\/2015\/01\/bach-livre-lhopiteau.jpg\" alt=\"bach-livre-lhopiteau.jpg\" height=\"365\" width=\"237\"><\/a><\/p>\n<p class=\"MsoNormal\" style=\"text-align: center; text-indent: 35.45pt\" align=\"center\">&nbsp;<\/p>\n<p class=\"MsoNormal\" style=\"text-align: justify; text-indent: 35.45pt\">Ainsi du chapitre Bach et Mozart. Plut\u00f4t gonfl\u00e9 de traiter de deux g\u00e9nies qui n\u2019ont pas du tout de contemporan\u00e9it\u00e9<span>&nbsp;&nbsp; <\/span>et que l\u2019on oppose souvent dans les chapelles \u00e9troites du classicisme. Elle ne sombre pas dans les rapprochements artificiels, mais ouvre des pistes int\u00e9ressantes \u00e0 fouiller sur ce th\u00e8me. Idem pou le chapitre plus attendu sur Haendel et Bach. Parfois cette audace rate son coup. J\u2019ai tr\u00e8s peu go\u00fbt\u00e9 le chapitre-catalogue final sur l\u2019\u00e9ta des lieux des ensembles baroques aujourd\u2019hui. C\u2019est vite fastidieux et j\u2019avoue l\u2019avoir seulement parcouru au bout de quelques pages (en plus il est long, ce chapitre&nbsp;!). De mon point de vue, c\u2019est vraiment dommage de finir ainsi, cela g\u00e2che en partie la grande valeur de ce qui pr\u00e9c\u00e8de. Outre le fait que je ne comprend pas le sens d\u2019un tel chapitre (sauf \u00e0 croire qu\u2019il s\u2019agit d\u2019un renvoi d\u2019ascenseur pour certains interpr\u00e8tes qui ont accord\u00e9 des plages aux deux CD), il n\u2019y avait aucun probl\u00e8me \u00e0 d\u00e9porter cela en annexe, avec le tr\u00e8s bon indes, la liste des titres musicaux et la table des mati\u00e8res. Peut-on le sugg\u00e9rer \u00e0 l\u2019auteur et l\u2019\u00e9diteur pour une prochaine \u00e9dition. Je crains en effet qu\u2019un lecteur curieux et cultiv\u00e9 non-sp\u00e9cialiste du baroque r\u00e9agisse comme moi.<\/p>\n<p class=\"MsoNormal\" style=\"text-align: justify; text-indent: 35.45pt\">&nbsp;<\/p>\n<p class=\"MsoNormal\" style=\"text-align: justify; text-indent: 35.45pt\">Un point tr\u00e8s positif est la qualit\u00e9 de l\u2019informations sur le cadre historique et religieux. L\u2019auteur s\u2019est document\u00e9 \u00e0 de bonnes sources sur les courants du protestantisme et le rapport \u00e0 la musique. Un lecteur protestant n\u2019y trouvera rien \u00e0 redire, ce qui n\u2019est pas toujours le cas des \u00e9crits sur Bach.<\/p>\n<p class=\"MsoNormal\" style=\"text-align: justify; text-indent: 35.45pt\">&nbsp;<\/p>\n<p class=\"MsoNormal\" style=\"text-align: justify; text-indent: 35.45pt\">Il faut revenir sur la qualit\u00e9 de la bande son et l\u2019intelligence de sa s\u00e9lection. Ceci est vraiment une des grandes qualit\u00e9s p\u00e9dagogiques du livre (comme les conf\u00e9rences de l\u2019auteur). Ces deux CD, pourront devenir des compagnons de route en voiture, comme ceux du livre pr\u00e9c\u00e9dent sur Mozart.<\/p>\n<p class=\"MsoNormal\" style=\"text-align: justify; text-indent: 35.45pt\">Enfin, saluons le beau titre, \u00e0 double sens et dont je vous laisse d\u00e9couvrir le sens pr\u00e9cis d\u2019une des significations, celle de musicologie, que j\u2019ai apprise aussi (un jazzman comme moi ne sait pas tout du lexique baroque&nbsp;!)<\/p>\n<p class=\"MsoNormal\" style=\"text-align: justify; text-indent: 35.45pt\">&nbsp;<\/p>\n<p class=\"MsoNormal\" style=\"text-align: justify; text-indent: 35.45pt\">Je recommande donc vivement la lecture de cet ouvrage, surtout \u00e0 ceux qui aiment Bach sans le conna\u00eetre bien&nbsp;: ils en seront conquis.<\/p>\n<p class=\"MsoNormal\" style=\"text-align: justify; text-indent: 35.45pt\">&nbsp;<\/p>\n<h1 style=\"text-align: justify; text-indent: 35.45pt\">Jean-Michel Dauriac<\/h1>\n<p class=\"MsoNormal\" style=\"text-align: justify; text-indent: 35.45pt\"><span style=\"font-size: 10pt\">Pr\u00e9sident de l\u2019Universit\u00e9 Populaire des Hauts de Garonne<\/span><\/p>\n<p class=\"MsoNormal\" style=\"text-align: justify; text-indent: 35.45pt\"><span style=\"font-size: 10pt\">Doctorant en th\u00e9ologie protestante et jazzman amateur<\/span><\/p>\n<p class=\"MsoNormal\" style=\"text-align: justify; text-indent: 35.45pt\"><span style=\"font-size: 10pt\">(donn\u00e9es utiles pour comprendre cette critique et non culte du pedigree)<\/span><\/p>\n<p><!--[if gte mso 9]><xml>  <w:WordDocument>   <w:View>Normal<\/w:View>   <w:Zoom>0<\/w:Zoom>   <w:HyphenationZone>21<\/w:HyphenationZone>   <w:DoNotOptimizeForBrowser\/>  <\/w:WordDocument> <\/xml><![endif]--><\/p>\n","protected":false},"excerpt":{"rendered":"<p>&nbsp; Bach \u2013 Un sacr\u00e9 temp\u00e9rament Mich\u00e8le Lhopiteau-Dorfeuille \u2013 LE BORD DE L\u2019EAU \u00e9ditions \u2013 2014 \u2013 246 pages &nbsp; &nbsp; Ce livre est d\u2019abord&#8230;<\/p>\n<div class=\"more-link-wrapper\"><a class=\"more-link\" href=\"https:\/\/blogjeanmi.danslamarge.com\/?p=226\">Continue reading<span class=\"screen-reader-text\">D\u00e9voilement intelligent d\u2019un monstre sacr\u00e9 de la musique<\/span><\/a><\/div>\n","protected":false},"author":1,"featured_media":0,"comment_status":"open","ping_status":"open","sticky":false,"template":"","format":"standard","meta":{"footnotes":""},"categories":[8,5],"tags":[],"class_list":["post-226","post","type-post","status-publish","format-standard","hentry","category-la-musique","category-les-livres-essais","entry"],"_links":{"self":[{"href":"https:\/\/blogjeanmi.danslamarge.com\/index.php?rest_route=\/wp\/v2\/posts\/226","targetHints":{"allow":["GET"]}}],"collection":[{"href":"https:\/\/blogjeanmi.danslamarge.com\/index.php?rest_route=\/wp\/v2\/posts"}],"about":[{"href":"https:\/\/blogjeanmi.danslamarge.com\/index.php?rest_route=\/wp\/v2\/types\/post"}],"author":[{"embeddable":true,"href":"https:\/\/blogjeanmi.danslamarge.com\/index.php?rest_route=\/wp\/v2\/users\/1"}],"replies":[{"embeddable":true,"href":"https:\/\/blogjeanmi.danslamarge.com\/index.php?rest_route=%2Fwp%2Fv2%2Fcomments&post=226"}],"version-history":[{"count":1,"href":"https:\/\/blogjeanmi.danslamarge.com\/index.php?rest_route=\/wp\/v2\/posts\/226\/revisions"}],"predecessor-version":[{"id":493,"href":"https:\/\/blogjeanmi.danslamarge.com\/index.php?rest_route=\/wp\/v2\/posts\/226\/revisions\/493"}],"wp:attachment":[{"href":"https:\/\/blogjeanmi.danslamarge.com\/index.php?rest_route=%2Fwp%2Fv2%2Fmedia&parent=226"}],"wp:term":[{"taxonomy":"category","embeddable":true,"href":"https:\/\/blogjeanmi.danslamarge.com\/index.php?rest_route=%2Fwp%2Fv2%2Fcategories&post=226"},{"taxonomy":"post_tag","embeddable":true,"href":"https:\/\/blogjeanmi.danslamarge.com\/index.php?rest_route=%2Fwp%2Fv2%2Ftags&post=226"}],"curies":[{"name":"wp","href":"https:\/\/api.w.org\/{rel}","templated":true}]}}