{"id":161,"date":"2011-01-29T12:56:09","date_gmt":"2011-01-29T11:56:09","guid":{"rendered":"http:\/\/blogjeanmi.danslamarge.com\/2011\/01\/29\/deux-chretiens-de-france-a-jerusalem-%e2%80%93-joseph-dore-marc-lienhard\/"},"modified":"2011-01-29T12:56:09","modified_gmt":"2011-01-29T11:56:09","slug":"deux-chretiens-de-france-a-jerusalem-%e2%80%93-joseph-dore-marc-lienhard","status":"publish","type":"post","link":"https:\/\/blogjeanmi.danslamarge.com\/?p=161","title":{"rendered":"Deux chr\u00e9tiens de France \u00e0 J\u00e9rusalem \u2013 Joseph Dor\u00e9 &#038; Marc Lienhard"},"content":{"rendered":"<p><!--[if gte mso 9]><xml>  <w:WordDocument>   <w:View>Normal<\/w:View>   <w:Zoom>0<\/w:Zoom>   <w:HyphenationZone>21<\/w:HyphenationZone>   <w:DoNotOptimizeForBrowser\/>  <\/w:WordDocument> <\/xml><![endif]--><\/p>\n<p class=\"MsoNormal\"><strong><em><span style=\"font-size: 16pt\">Deux chr\u00e9tiens de France \u00e0 J\u00e9rusalem<\/span><\/em><\/strong><span style=\"font-size: 16pt\"> \u2013 Joseph Dor\u00e9 &amp; Marc Lienhard \u2013 Editions de Pays Rh\u00e9nans, 95 pages \u2013 novembre 2010<\/span><\/p>\n<p class=\"MsoNormal\">\u00a0<strong><em><span style=\"font-size: 16pt\"><\/span><\/em><\/strong><a href=\"https:\/\/blogjeanmi.danslamarge.com\/wp-content\/uploads\/2011\/01\/deux-chretiens-jerusalem.jpg\" title=\"deux-chretiens-jerusalem.jpg\"><img decoding=\"async\" src=\"https:\/\/blogjeanmi.danslamarge.com\/wp-content\/uploads\/2011\/01\/deux-chretiens-jerusalem.jpg\" alt=\"deux-chretiens-jerusalem.jpg\" \/><\/a><\/p>\n<h1>Un petit livre\u2026 important et utile<\/h1>\n<p class=\"MsoNormal\">&nbsp;<\/p>\n<p class=\"MsoNormal\" style=\"text-indent: 35.4pt; line-height: 150%\"><span style=\"font-size: 14pt\">A premi\u00e8re vue, ce petit opuscule pourrait para\u00eetre ou insignifiant ou, mieux, circonstanciel\u00a0: il s\u2019agit en effet du prolongement du premier prix Michel Stourm, d\u00e9cern\u00e9 en 2009, \u00e0 l\u2019initiative de l\u2019Association France-Isra\u00ebl et de sa section alsacienne<a href=\"#_ftn1\" name=\"_ftnref1\"><span class=\"MsoFootnoteReference\"><span>[1]<\/span><\/span><\/a>. Les deux laur\u00e9ats s\u2019\u00e9tant engag\u00e9 \u00e0 r\u00e9aliser un journal de voyage \u00e0 deux voix. Effectivement, ce livre est aussi et d\u2019abord ce journal de voyage \u00e9crit \u00e0 quatre mains par deux homme d\u2019\u00a0Eglise \u00e0 la grande exp\u00e9rience<a href=\"#_ftn2\" name=\"_ftnref2\"><span class=\"MsoFootnoteReference\"><span>[2]<\/span><\/span><\/a>. Mais il est bien plus que cela.<\/span><\/p>\n<p class=\"MsoNormal\" style=\"line-height: 150%\"><span style=\"font-size: 14pt\">\u00a0<\/span><\/p>\n<p class=\"MsoNormal\" style=\"text-indent: 35.4pt; line-height: 150%\"><span style=\"font-size: 14pt\">Le journal de voyage occupe la premi\u00e8re partie du livre. Il est assez court et d\u2018une grande modestie. Ce qui tranche avec la pratique courante des intellectuels fran\u00e7ais, lesquels n\u2019h\u00e9sitent pas \u00e0 produire un livre quand ils ont honor\u00e9 un lieu de quelques jours de leur auguste personne. Ici, pas de \u00e7a. Nos deux chr\u00e9tiens \u2013c\u2019est bien \u00e0 ce seul titre qu\u2019il s\u2019expriment l\u00e0 \u2013 savent garder les proportions. \u00ab\u00a0 <strong><em><span style=\"color: red\">Nous avons conscience qu\u2019une petite semaine n\u2019autorise qu\u2019a communiquer des impressions et \u00e0 faire \u00e9tat de quelques questions<\/span><\/em><\/strong><em><span style=\"color: red\">.\u00a0<\/span><\/em>\u00bb (p. 15). Ce qui est net dans leur \u00e9crit. Les questions pos\u00e9es sont celles de gens de bonne foi face \u00e0 la situation pr\u00e9sente. Elles concernent notamment la religion juive et son poids dans le pays, ainsi que la relation des chr\u00e9tiens install\u00e9s en Isra\u00ebl avec les Juifs. Pas de jugements, pas de prises de position, des t\u00e9moignages brefs. Une belle le\u00e7on d\u2019humilit\u00e9.<\/span><\/p>\n<p class=\"MsoNormal\" style=\"line-height: 150%\"><span style=\"font-size: 14pt\">\u00a0<\/span><\/p>\n<p class=\"MsoNormal\" style=\"text-indent: 35.4pt; line-height: 150%\"><span style=\"font-size: 14pt\">Mais c\u2019est la suite qui me para\u00eet constituer le c\u0153ur de l\u2019ouvrage et traduire les pr\u00e9occupation et comp\u00e9tences des deux auteurs. Nous trouvons donc en deuxi\u00e8me partie une belle tentative de r\u00e9sumer le probl\u00e8me des relations des Eglises chr\u00e9tiennes (ici Luth\u00e9riennes et Catholique Romaine) avec la religion juive et ses fid\u00e8les.<span>\u00a0 <\/span>Par une tr\u00e8s claire construction, les deux amis r\u00e9alisent le tour de force de rendre limpide une probl\u00e9matique ardue et un peu empoisonn\u00e9e. Ce n\u2019est pas ici le lieu de rendre compte du contenu\u00a0; il faut le lire pour le dig\u00e9rer personnellement. Mais il faut saluer la qualit\u00e9 p\u00e9dagogique et spirituelle de l\u2019ensemble, qui simplifie sans caricaturer et donne l\u2019information sans nier les difficult\u00e9s et les r\u00e9sistances rencontr\u00e9es des deux c\u00f4t\u00e9s \u00e0 ce rapprochement r\u00e9cent (cela date effectivement seulement de cinq d\u00e9cennies au plus). Il reste sans nul doute du chemin \u00e0 parcourir, mais il est toujours bon pour le moral de se retourner sur celui qui a d\u00e9j\u00e0 \u00e9t\u00e9 parcouru\u00a0; c\u2019est ce qui est fait ici. Je recommande donc vivement cette lecture \u00e0 tout chr\u00e9tien qui s\u2019interroge sur ce sujet et veut \u00e9viter les postures et les clich\u00e9s.<\/span><\/p>\n<p class=\"MsoNormal\" style=\"line-height: 150%\"><span style=\"font-size: 14pt\">\u00a0<\/span><\/p>\n<p class=\"MsoNormal\" style=\"text-indent: 35.4pt; line-height: 150%\"><span style=\"font-size: 14pt\">Dans une troisi\u00e8me partie, nous trouvons les discours officiels qui ont accompagn\u00e9 la remise du prix aux deux laur\u00e9ats, ce qui permet de mieux conna\u00eetre celui qui a donn\u00e9 son nom \u00e0 ce prix, Michel Stourm et d\u2019avoir une id\u00e9e du parcours de Joseph Dor\u00e9 (\u00e9loge prononc\u00e9 par Bernard Xibaut, ancien collaborateur de l\u2019archev\u00eaque) et de marc Lienhard (pr\u00e9sent\u00e9 par Matthieu Arnold, son successeur \u00e0 la Facult\u00e9 de Th\u00e9ologie protestante et son ami).<\/span><\/p>\n<p class=\"MsoNormal\" style=\"line-height: 150%\"><span style=\"font-size: 14pt\">\u00a0<\/span><\/p>\n<p class=\"MsoNormal\" style=\"text-indent: 35.4pt; line-height: 150%\"><span style=\"font-size: 14pt\">Le tout donne donc un petit livre composite mais d\u2019un grande tenue, que le lecteur prendra, j\u2019en suis, comme moi, un grand plaisir \u00e0 lire, et qui restera dans sa biblioth\u00e8que comme un excellent r\u00e9sum\u00e9 sur les relations compliqu\u00e9es de Juifs et des Chr\u00e9tiens. Ce n\u2019est pas un mince compliment.<\/span><\/p>\n<p class=\"MsoNormal\" style=\"line-height: 150%\"><span style=\"font-size: 14pt\">\u00a0<\/span><\/p>\n<p class=\"MsoNormal\" style=\"line-height: 150%\"><span style=\"font-size: 14pt\">Jean-Michel Dauriac<\/span><\/p>\n<p class=\"MsoNormal\">&nbsp;<\/p>\n<p><br clear=\"all\" \/>  <\/p>\n<hr align=\"left\" size=\"1\" width=\"33%\" \/>\n<p id=\"ftn1\">\n<p class=\"MsoFootnoteText\"><a href=\"#_ftnref1\" name=\"_ftn1\"><span class=\"MsoFootnoteReference\"><span>[1]<\/span><\/span><\/a> Michel Stourm, disparu pr\u00e9cocement \u00e0 l\u2019\u00e2ge de 56 ans, en fut un Secr\u00e9taire G\u00e9n\u00e9ral marquant.<\/p>\n<p id=\"ftn2\">\n<p class=\"MsoFootnoteText\"><a href=\"#_ftnref2\" name=\"_ftn2\"><span class=\"MsoFootnoteReference\"><span>[2]<\/span><\/span><\/a> Tous deux sont th\u00e9ologiens\u00a0; M. Lienhard est pasteur, ancien doyen de la facult\u00e9 de Th\u00e9ologie Catholique et pr\u00e9sident honraire des Eglise de la Confession d\u2019Augsbourg d\u2019Alsace Lorraine (CAAL)\u00a0; Joseph Dor\u00e9 fut Archev\u00eaque de Strasbourg. Tous deux sont des animateurs reconnus du dialogue inter-religieux .<\/p>\n","protected":false},"excerpt":{"rendered":"<p>Deux chr\u00e9tiens de France \u00e0 J\u00e9rusalem \u2013 Joseph Dor\u00e9 &amp; Marc Lienhard \u2013 Editions de Pays Rh\u00e9nans, 95 pages \u2013 novembre 2010 \u00a0 Un petit&#8230;<\/p>\n<div class=\"more-link-wrapper\"><a class=\"more-link\" href=\"https:\/\/blogjeanmi.danslamarge.com\/?p=161\">Continue reading<span class=\"screen-reader-text\">Deux chr\u00e9tiens de France \u00e0 J\u00e9rusalem \u2013 Joseph Dor\u00e9 &#038; Marc Lienhard<\/span><\/a><\/div>\n","protected":false},"author":1,"featured_media":0,"comment_status":"open","ping_status":"open","sticky":false,"template":"","format":"standard","meta":{"footnotes":""},"categories":[7],"tags":[],"class_list":["post-161","post","type-post","status-publish","format-standard","hentry","category-les-livres-divers","entry"],"_links":{"self":[{"href":"https:\/\/blogjeanmi.danslamarge.com\/index.php?rest_route=\/wp\/v2\/posts\/161","targetHints":{"allow":["GET"]}}],"collection":[{"href":"https:\/\/blogjeanmi.danslamarge.com\/index.php?rest_route=\/wp\/v2\/posts"}],"about":[{"href":"https:\/\/blogjeanmi.danslamarge.com\/index.php?rest_route=\/wp\/v2\/types\/post"}],"author":[{"embeddable":true,"href":"https:\/\/blogjeanmi.danslamarge.com\/index.php?rest_route=\/wp\/v2\/users\/1"}],"replies":[{"embeddable":true,"href":"https:\/\/blogjeanmi.danslamarge.com\/index.php?rest_route=%2Fwp%2Fv2%2Fcomments&post=161"}],"version-history":[{"count":0,"href":"https:\/\/blogjeanmi.danslamarge.com\/index.php?rest_route=\/wp\/v2\/posts\/161\/revisions"}],"wp:attachment":[{"href":"https:\/\/blogjeanmi.danslamarge.com\/index.php?rest_route=%2Fwp%2Fv2%2Fmedia&parent=161"}],"wp:term":[{"taxonomy":"category","embeddable":true,"href":"https:\/\/blogjeanmi.danslamarge.com\/index.php?rest_route=%2Fwp%2Fv2%2Fcategories&post=161"},{"taxonomy":"post_tag","embeddable":true,"href":"https:\/\/blogjeanmi.danslamarge.com\/index.php?rest_route=%2Fwp%2Fv2%2Ftags&post=161"}],"curies":[{"name":"wp","href":"https:\/\/api.w.org\/{rel}","templated":true}]}}