{"id":1446,"date":"2025-08-23T23:25:23","date_gmt":"2025-08-23T22:25:23","guid":{"rendered":"https:\/\/blogjeanmi.danslamarge.com\/?p=1446"},"modified":"2025-08-23T23:25:24","modified_gmt":"2025-08-23T22:25:24","slug":"la-meute-enquete-sur-la-france-insoumise-de-jean-luc-melenchon","status":"publish","type":"post","link":"https:\/\/blogjeanmi.danslamarge.com\/?p=1446","title":{"rendered":"La meute &#8211; Enqu\u00eate sur La France insoumise de Jean-Luc M\u00e9lenchon"},"content":{"rendered":"<div class=\"wp-block-image\">\n<figure class=\"aligncenter size-full is-resized\"><a href=\"https:\/\/blogjeanmi.danslamarge.com\/wp-content\/uploads\/2025\/08\/La-meute-couv.jpg\"><img loading=\"lazy\" decoding=\"async\" width=\"634\" height=\"1000\" src=\"https:\/\/blogjeanmi.danslamarge.com\/wp-content\/uploads\/2025\/08\/La-meute-couv.jpg\" alt=\"\" class=\"wp-image-1448\" style=\"width:293px;height:auto\" srcset=\"https:\/\/blogjeanmi.danslamarge.com\/wp-content\/uploads\/2025\/08\/La-meute-couv.jpg 634w, https:\/\/blogjeanmi.danslamarge.com\/wp-content\/uploads\/2025\/08\/La-meute-couv-190x300.jpg 190w\" sizes=\"auto, (max-width: 634px) 100vw, 634px\" \/><\/a><\/figure>\n<\/div>\n\n\n<p><strong>Charlotte Bela\u00efch &amp; Olivier P\u00e9rou \u2013 Flammarion, collection Enqu\u00eate, 2025.<\/strong><\/p>\n\n\n\n<p>Ce livre est la premi\u00e8re enqu\u00eate journalistique d\u2019envergure sur ce ph\u00e9nom\u00e8ne politique unique qui se nomme La France insoumise (LFI dans la suite). En tant que tel, il m\u00e9rite d\u00e9j\u00e0 notre int\u00e9r\u00eat. Surtout lorsqu\u2019on sait quel sort M. M\u00e9lenchon r\u00e9serve \u00e0 ceux qui osent le remettre en question.<\/p>\n\n\n\n<p>Le travail d\u2019investigation est consid\u00e9rable, car il a demand\u00e9 d\u2019approcher des dizaines de militants actuels ou d\u00e9froqu\u00e9s de ce groupement \u00ab&nbsp;gazeux&nbsp;\u00bb comme le d\u00e9finit son fondateur. En quoi il a parfaitement raison, car LFI n\u2019est pas un parti politique, c\u2019est bien plus que cela. C\u2019est ce qui ressort clairement des nombreux t\u00e9moignages cit\u00e9s, \u00e0 charge ou \u00e0 d\u00e9charge dudit groupement.<\/p>\n\n\n<div class=\"wp-block-image\">\n<figure class=\"aligncenter size-full is-resized\"><a href=\"https:\/\/blogjeanmi.danslamarge.com\/wp-content\/uploads\/2025\/08\/journalistes-la-meute-auteurs.jpg\"><img loading=\"lazy\" decoding=\"async\" width=\"432\" height=\"243\" src=\"https:\/\/blogjeanmi.danslamarge.com\/wp-content\/uploads\/2025\/08\/journalistes-la-meute-auteurs.jpg\" alt=\"\" class=\"wp-image-1447\" style=\"width:651px;height:auto\" srcset=\"https:\/\/blogjeanmi.danslamarge.com\/wp-content\/uploads\/2025\/08\/journalistes-la-meute-auteurs.jpg 432w, https:\/\/blogjeanmi.danslamarge.com\/wp-content\/uploads\/2025\/08\/journalistes-la-meute-auteurs-300x169.jpg 300w\" sizes=\"auto, (max-width: 432px) 100vw, 432px\" \/><\/a><\/figure>\n<\/div>\n\n\n<p class=\"has-text-align-center\"><em>Les auteurs: Olivier P\u00e8rou &amp; Charlotte Bela\u00efch\u00a0<\/em><\/p>\n\n\n\n<p>Le livre est structur\u00e9 par un plan chronoth\u00e9matique, o\u00f9 les th\u00e8mes l\u2019emportent nettement sur la chronologie, qui est assez malmen\u00e9e\u00a0: ce n\u2019est pas un travail d\u2019historiens. N\u00e9anmoins, il d\u00e9bute par un petit essai biographique sur l\u2019homme qui est au centre de tout cela\u00a0: Jean-Luc M\u00e9lenchon. On le suit de ses premiers pas chez les trotskistes au Parti Socialiste qui fut sa maison durant plus de trente ans, et dont il fut un apparatchik de second rang. On y apprend son admiration et sa fid\u00e9lit\u00e9 \u00e0 Fran\u00e7ois Mitterrand et Lionel Jospin, ainsi que ses amiti\u00e9s avec certains de ses coll\u00e8gues, comme Julien Dray. Le jeu des courants est bien s\u00fbr pr\u00e9sent et JLM y participe, mais sans parvenir \u00e0 prendre la t\u00eate de l\u2019un d\u2019entre eux. C\u2019est au moment de la campagne pour le trait\u00e9 constitutionnel europ\u00e9en, en 2005, qu\u2019il bascule en marge du PS et finit ensuite par le quitter. On entre alors dans l\u2019histoire du Jean-Luc M\u00e9lenchon que l\u2019on conna\u00eet, inamovible candidat \u00e0 l\u2019\u00e9lection pr\u00e9sidentielle.<\/p>\n\n\n\n<p>Les auteurs montrent bien, tout au long du livre, que seule cette \u00e9lection et cette fonction le fascinent (le syndrome Mitterrand), et que toutes les autres fonctions ne le passionnent gu\u00e8re. Il fut un d\u00e9put\u00e9 de Marseille absent. Il a donc mis en \u0153uvre une strat\u00e9gie tout enti\u00e8re tourn\u00e9e vers la victoire pour l\u2019Elys\u00e9e. C\u2019est la raison d\u2019\u00eatre de LFI.<\/p>\n\n\n\n<p>La particularit\u00e9 de LFI, c\u2019est de n\u2019exister que par et pour Jean-Luc M\u00e9lenchon. C\u2019est ce que d\u00e9montrent toutes les diff\u00e9rentes parties th\u00e9matiques du livre. Le mouvement est con\u00e7u pour \u00eatre une machine politique \u00e0 son service. La pens\u00e9e politique n\u2019existe que parce qu\u2019elle est valid\u00e9e par JLM. Les \u00e9lus ne sont que des \u00ab&nbsp;pions&nbsp;\u00bb comme le disent les auteurs. Chacun d\u2019eux \u00e0 son niveau est utilis\u00e9 par le ma\u00eetre. Il existe bel et bien un ph\u00e9nom\u00e8ne d\u2019emprise psychologique tr\u00e8s fort au sein de LFI. Moi qui ai suffisamment v\u00e9cu pour avoir de la m\u00e9moire et des points de comparaisons, je ne peux que penser imm\u00e9diatement aux Jeunesses Communistes du PCF de ma jeunesse ou, encore plus caricaturalement, aux trotskistes des ann\u00e9es 1970. C\u2019\u00e9taient des machines \u00e0 d\u00e9biter des \u00ab&nbsp;\u00e9l\u00e9ments de langage&nbsp;\u00bb avant que l\u2019on ait invent\u00e9 cette expression stupide. Immanquablement, les m\u00eames arguments, les m\u00eames exemples, les m\u00eames formules revenaient au fil des conversations, quel que soit l\u2019interlocuteur. Il en est de m\u00eame pour LFI, que M\u00e9lenchon a organis\u00e9 sur le mod\u00e8le des structures qu\u2019il a fr\u00e9quent\u00e9es jeune. Seul l\u2019habillage a chang\u00e9, pour s\u2019adapter au temps. On parle de VIe R\u00e9publique pour ne pas effrayer l\u2019\u00e9lecteur avec le mot r\u00e9volution, mais c\u2019est bien \u00e0 lui que l\u2019on pense. Cela peut faire illusion aupr\u00e8s des jeunes inexp\u00e9riment\u00e9s et id\u00e9alistes, mais ne devrait pas s\u00e9duire les plus \u00e2g\u00e9s&nbsp;; or, il est clair que, m\u00eame eux, se laissent s\u00e9duire.<\/p>\n\n\n\n<p>Les auteurs montrent avec quel cynisme JLM est capable d\u2019abandonner ou de trahir ses amis pour servir sa cause. Pure strat\u00e9gie stalinienne. Le mouvement va de l\u2019avant par renouvellement, car il faut remplacer les d\u00e9\u00e7us et les \u00e9vinc\u00e9s. Evidemment, la question devient rapidement celle de la qualit\u00e9 des recrutements. Il suffit de consid\u00e9rer le lot des d\u00e9put\u00e9s du groupe LFI \u00e0 l\u2019Assembl\u00e9e pour avoir la r\u00e9ponse. Ce sont, pour l\u2019essentiel, des primo-acc\u00e9dants de la politique, choisis pour cela&nbsp;: ils doivent tout \u00e0 M\u00e9lenchon qui a assur\u00e9 leur \u00e9lection et peut tout aussi bien les priver de toute possibilit\u00e9 de se repr\u00e9senter. Les exemples de Corbi\u00e8res et Garrido, entre autres, sont \u00e9clairants. D\u00e8s que se fait entendre une voix dissonante, elle est observ\u00e9e de pr\u00e8s, puis sermonn\u00e9e. Si elle persiste, elle est retir\u00e9e des boucles d\u2019\u00e9changes et des groupes de discussion&nbsp;: elle dispara\u00eet, elle devient invisible. La mort num\u00e9rique est aussi la mort politique. Les exemples cit\u00e9s sont nombreux et d\u00e9taill\u00e9s.<\/p>\n\n\n\n<p>Toute l\u2019argumentation de ce livre s\u2019appuie sur des propos sourc\u00e9s recueillis dans le temps long, qu\u2019il est difficile de r\u00e9futer. Il se d\u00e9gage de ce tableau une impression tr\u00e8s d\u00e9sagr\u00e9able. Celle d\u2019avoir affaire \u00e0 une grande entreprise de manipulation au service d\u2019une ambition m\u00e9galomaniaque. Je dois dire que plus j\u2019avan\u00e7ais dans la lecture du livre et plus j\u2019avais la naus\u00e9e&nbsp;; j\u2019ai rarement ressenti cela physiquement en lisant un ouvrage. J\u2019ai pu ais\u00e9ment l\u2019identifier, par rappel de souvenirs de lecture&nbsp;: c\u2019est le malaise face aux ignominies des totalitarismes, nazisme, stalinisme, mao\u00efsme et autres &nbsp;\u00ab&nbsp;-ismes&nbsp;\u00bb du XXe si\u00e8cle. LFI est, pour moi, incontestablement de la m\u00eame nature. Seul le contexte change et le costume de sc\u00e8ne. Mais si l\u2019on donnait malencontreusement le pouvoir \u00e0 cette n\u00e9buleuse, le pays irait immanquablement vers le totalitarisme, car tous&nbsp; ses constituants sont l\u00e0, \u00e0 l\u2019\u00e9tat latent&nbsp;: les discours de haine, la violence verbale ou physique (voir la crise d\u2019hyst\u00e9rie de JLM lors de la perquisition de ses bureaux), les promesses d\u00e9magogiques, le pacte avec le diable\u2026<\/p>\n\n\n\n<p>Il faut lire ce livre pour mieux saisir ce qu\u2019est LFI et mieux s\u2019en d\u00e9fendre. Surtout ne pas se laisser abuser par le discours de fausse compassion (tr\u00e8s s\u00e9lective chez eux) et voir en eux les d\u00e9fenseurs des petits et des invisibles de France. Leur piti\u00e9 va uniquement aux Palestiniens de Gaza et aux musulmans de chez nous, victimes de ce nouveau mal qu\u2019ils nomment islamophobie pour masquer leur antis\u00e9mitisme h\u00e9rit\u00e9 de l\u2019extr\u00eame gauche trotskiste.<\/p>\n\n\n\n<p>Ecrivant cela, je sais que je vais \u00eatre vomi par certains. J\u2019en prends volontiers le risque, au nom de tout ce que je crois et que JLM d\u00e9teste&nbsp;: la France et ses modestes habitants, la civilisation chr\u00e9tienne de l\u2019Europe, les gens qui ont une histoire et en sont fiers, sans en \u00e9craser les autres\u2026 Tout ce qui s\u00e9pare la gauche historique de Jaur\u00e8s et Blum de cet ersatz piteux qu\u2019est LFI.<\/p>\n\n\n\n<p><br>Jean-Michel Dauriac- Les Bordes \u2013 ao\u00fbt 2025.<\/p>\n","protected":false},"excerpt":{"rendered":"<p>Charlotte Bela\u00efch &amp; Olivier P\u00e9rou \u2013 Flammarion, collection Enqu\u00eate, 2025. Ce livre est la premi\u00e8re enqu\u00eate journalistique d\u2019envergure sur ce ph\u00e9nom\u00e8ne politique unique qui se&#8230;<\/p>\n<div class=\"more-link-wrapper\"><a class=\"more-link\" href=\"https:\/\/blogjeanmi.danslamarge.com\/?p=1446\">Continue reading<span class=\"screen-reader-text\">La meute &#8211; Enqu\u00eate sur La France insoumise de Jean-Luc M\u00e9lenchon<\/span><\/a><\/div>\n","protected":false},"author":1,"featured_media":0,"comment_status":"open","ping_status":"open","sticky":false,"template":"","format":"standard","meta":{"footnotes":""},"categories":[10,4,5],"tags":[],"class_list":["post-1446","post","type-post","status-publish","format-standard","hentry","category-dans-lactualite","category-les-critiques","category-les-livres-essais","entry"],"_links":{"self":[{"href":"https:\/\/blogjeanmi.danslamarge.com\/index.php?rest_route=\/wp\/v2\/posts\/1446","targetHints":{"allow":["GET"]}}],"collection":[{"href":"https:\/\/blogjeanmi.danslamarge.com\/index.php?rest_route=\/wp\/v2\/posts"}],"about":[{"href":"https:\/\/blogjeanmi.danslamarge.com\/index.php?rest_route=\/wp\/v2\/types\/post"}],"author":[{"embeddable":true,"href":"https:\/\/blogjeanmi.danslamarge.com\/index.php?rest_route=\/wp\/v2\/users\/1"}],"replies":[{"embeddable":true,"href":"https:\/\/blogjeanmi.danslamarge.com\/index.php?rest_route=%2Fwp%2Fv2%2Fcomments&post=1446"}],"version-history":[{"count":1,"href":"https:\/\/blogjeanmi.danslamarge.com\/index.php?rest_route=\/wp\/v2\/posts\/1446\/revisions"}],"predecessor-version":[{"id":1449,"href":"https:\/\/blogjeanmi.danslamarge.com\/index.php?rest_route=\/wp\/v2\/posts\/1446\/revisions\/1449"}],"wp:attachment":[{"href":"https:\/\/blogjeanmi.danslamarge.com\/index.php?rest_route=%2Fwp%2Fv2%2Fmedia&parent=1446"}],"wp:term":[{"taxonomy":"category","embeddable":true,"href":"https:\/\/blogjeanmi.danslamarge.com\/index.php?rest_route=%2Fwp%2Fv2%2Fcategories&post=1446"},{"taxonomy":"post_tag","embeddable":true,"href":"https:\/\/blogjeanmi.danslamarge.com\/index.php?rest_route=%2Fwp%2Fv2%2Ftags&post=1446"}],"curies":[{"name":"wp","href":"https:\/\/api.w.org\/{rel}","templated":true}]}}