{"id":1273,"date":"2025-03-18T00:46:43","date_gmt":"2025-03-17T23:46:43","guid":{"rendered":"https:\/\/blogjeanmi.danslamarge.com\/?p=1273"},"modified":"2025-03-18T00:46:44","modified_gmt":"2025-03-17T23:46:44","slug":"de-la-betise-journalistique-a-lechelle-mondiale","status":"publish","type":"post","link":"https:\/\/blogjeanmi.danslamarge.com\/?p=1273","title":{"rendered":"De la b\u00eatise journalistique \u00e0 l\u2019\u00e9chelle mondiale"},"content":{"rendered":"\n<h1 class=\"wp-block-heading\"><\/h1>\n\n\n\n<p>\u00ab\u00a0<em>Si l\u2019on faisait une s\u00e9rieuse attention \u00e0 tout ce qui se dit de froid, de vain et de pu\u00e9ril dans les entretiens ordinaires, l\u2019on aurait honte de parler ou d\u2019\u00e9couter, et l\u2019on se condamnerait peut-\u00eatre \u00e0 un silence perp\u00e9tuel, qui serait une chose pire dans le commerce que les discours inutiles. Il faut donc s\u2019accommoder \u00e0 tous les esprits, permettre comme un mal n\u00e9cessaire le r\u00e9cit de fausses nouvelles, les vagues r\u00e9flexions sur le gouvernement pr\u00e9sent ou sur l\u2019int\u00e9r\u00eat des princes, le d\u00e9bit des beaux sentiments et qui reviennent toujours les m\u00eames\u2026\u00a0<\/em>\u00bb La Bruy\u00e8res, Les caract\u00e8res De la soci\u00e9t\u00e9 et de la conversation \u00a74, p. 148-149, \u00e9ditions La Pl\u00e9iade.<\/p>\n\n\n\n<figure class=\"wp-block-image size-large is-resized\"><a href=\"https:\/\/blogjeanmi.danslamarge.com\/wp-content\/uploads\/2025\/03\/vaches-journalistes-a-la-cafetaria.jpg\"><img loading=\"lazy\" decoding=\"async\" width=\"1024\" height=\"663\" src=\"https:\/\/blogjeanmi.danslamarge.com\/wp-content\/uploads\/2025\/03\/vaches-journalistes-a-la-cafetaria-1024x663.jpg\" alt=\"\" class=\"wp-image-1274\" style=\"width:680px;height:auto\" srcset=\"https:\/\/blogjeanmi.danslamarge.com\/wp-content\/uploads\/2025\/03\/vaches-journalistes-a-la-cafetaria-1024x663.jpg 1024w, https:\/\/blogjeanmi.danslamarge.com\/wp-content\/uploads\/2025\/03\/vaches-journalistes-a-la-cafetaria-300x194.jpg 300w, https:\/\/blogjeanmi.danslamarge.com\/wp-content\/uploads\/2025\/03\/vaches-journalistes-a-la-cafetaria-768x497.jpg 768w, https:\/\/blogjeanmi.danslamarge.com\/wp-content\/uploads\/2025\/03\/vaches-journalistes-a-la-cafetaria.jpg 1273w\" sizes=\"auto, (max-width: 1024px) 100vw, 1024px\" \/><\/a><figcaption class=\"wp-element-caption\">Journalistes \u00e0 la caf\u00e9taria<\/figcaption><\/figure>\n\n\n\n<p>Nous assistons, m\u00e9dus\u00e9s, \u00e0 une d\u00e9monstration d\u2019ampleur mondiale de la b\u00eatise journalistique dans toute sa splendeur. Quiconque observe les m\u00e9dias attentivement sur une p\u00e9riode de plusieurs d\u00e9cennies, comme c\u2019est mon cas, en simple lecteur, auditeur et t\u00e9l\u00e9spectateur, ne peut \u00eatre que frapp\u00e9 par l\u2019\u00e9volution r\u00e9gressive de cette corporation. Les belles \u00e2mes progressistes se sont longtemps gauss\u00e9es des journalistes fran\u00e7ais \u00e0 l\u2019\u00e9poque de l\u2019\u00e9poque du G\u00e9n\u00e9ral de Gaulle et son ministre de l\u2019information. On a parl\u00e9 de Franco, du fascisme, beaucoup moins souvent de l\u2019URSS d\u2019ailleurs, pour qualifier cette surveillance des m\u00e9dias fran\u00e7ais. Mais personne ne semble s\u2019aviser qu\u2019aujourd\u2019hui il n\u2019a m\u00eame plus besoin de l\u2019ORTF et du ministre associ\u00e9 pour que les journalistes soient aux ordres. Ils s\u2019y mettent tout seuls, et imm\u00e9diatement. Le bel exemple actuel l\u2019illustre \u00e0 merveille.<\/p>\n\n\n\n<p>Je ne veux parler ici que de deux exemples&nbsp;: l\u2019arriv\u00e9e de Donald Trump au pouvoir et la guerre en Ukraine. Le raisonnement pourrait \u00eatre \u00e9largi \u00e0 tous les sujets importants de l\u2019actualit\u00e9.<\/p>\n\n\n\n<p>L\u2019\u00e9lection de Donald Trump et son arriv\u00e9e au pouvoir sont embl\u00e9matiques de la soumission gr\u00e9gaire des plumitifs fran\u00e7ais. Tant que la corporation n\u2019avait pas envisag\u00e9 sa victoire, il \u00e9tait trait\u00e9 assez durement, avec une ironie mordante par la grande majorit\u00e9 des m\u00e9dias. Puis, la tendance s\u2019est invers\u00e9e et son \u00e9lection est devenue probable, et m\u00eame certaine, devant l\u2019incapacit\u00e9 de ses rivaux. Et toute la grande famille de l\u2019information a alors chang\u00e9 son fusil d\u2019\u00e9paule et commenc\u00e9 \u00e0 le traiter en homme d\u2018Etat, couvrant sa campagne de mani\u00e8re tr\u00e8s favorable. Depuis son \u00e9lection, avant m\u00eame sa prise de fonction, c\u2019est devenu de la flagornerie g\u00e9n\u00e9rale&nbsp;: \u00ab&nbsp;pr\u00e9sident Trump&nbsp;\u00bb par ci, \u00ab&nbsp;pr\u00e9sident Trump&nbsp;\u00bb par l\u00e0. Les m\u00eames qui ricanaient \u2013 \u00e0 juste titre \u2013 de ses \u00e2neries relatent ses faits et gestes comme celles du pape ou de la reine d\u2019Angleterre \u00e0 sa grande \u00e9poque. A ce jeu, les cha\u00eenes d\u2019information continue font la course en t\u00eate, les autres cha\u00eenes ne pouvant rivaliser avec le temps d\u2019antenne que l\u2019on accorde aux propos et attitude du nouvel oracle am\u00e9ricain. Que ce malade mental fasse les d\u00e9clarations les plus absurdes, peu importe, elles sont reprises aussit\u00f4t et comment\u00e9es <em>ad nauseam <\/em>par les pseudo-experts appoint\u00e9s des divers m\u00e9dias. Il veut annexer le Canada, acheter le Groenland et reprendre le canal de Panama, transformer Gaza en Riviera purg\u00e9e de ses Arabes, faire la paix en Ukraine en une journ\u00e9e\u2026 J\u2019arr\u00eate l\u00e0 l\u2019inventaire. N\u2019importe quelle personne dot\u00e9e de tout son bon sens, lisant ces propositions, conclura \u00e0 la folie de celui qui les prof\u00e8re. N\u2019importe qui, oui, mais pas les journalistes qui, eux, sont bien plus perspicaces et ont compris tout l\u2019int\u00e9r\u00eat de ces propos\u2026 Ces cr\u00e9tins en meute cr\u00e9dibilisent donc \u00e0 longueur d\u2019antenne les paroles de celui qui rel\u00e8ve de la psychiatrie. Et le fait qu\u2019il ait \u00e9t\u00e9 \u00e9lu ne prouve rien sinon la d\u00e9faite totale de la d\u00e9mocratie et la stupidit\u00e9 de l\u2019\u00e9lecteur moyen am\u00e9ricain, h\u00e9las en passe d\u2019\u00eatre rejoint dans cet ab\u00eeme de b\u00eatise par les \u00e9lecteurs europ\u00e9ens, tous s\u00e9duits par leurs Trumps aux petits pieds. Pourquoi agissent-ils ainsi, me demanderez-vous&nbsp;? Sans doute d\u2019abord parce que leur esprit critique est de la taille d&rsquo;un pois chiche. En cela, ils sont les purs produits de la formation fran\u00e7aise d\u00e9grad\u00e9e depuis plus de trente ans. Mais il y a autre chose. Ils craignent tous d\u2019\u00eatre priv\u00e9s de visa pour les Etats-Unis s\u2019ils se signalent agressivement contre le d\u00e9ment en chef, qui pratique la vengeance sauvage \u00e0 sati\u00e9t\u00e9. Et surtout, ils ob\u00e9issent servilement \u00e0 leurs chefs et propri\u00e9taires, qui sont tous, d\u2019une mani\u00e8re ou d\u2019une autre, en affaires avec les Etats-Unis. Il faut donc \u00e9viter de se f\u00e2cher avec leur pr\u00e9sident, quel qu\u2019il soit et quelles que soient les \u00e9normit\u00e9s qu\u2019il puisse prof\u00e9rer. Voil\u00e0 ce qui gouverne l\u2019information aujourd\u2019hui. Tout le reste n\u2019est qu\u2019habillage cosm\u00e9tique. On glisse juste un peu de critique pour faire cr\u00e9dible, et le tour est jou\u00e9. Les Fran\u00e7ais sont nourris au lait de cette mamelle corrompue et r\u00e9p\u00e8tent fid\u00e8lement dans les sondages ce qu\u2019on leur serine \u00e0 longueur de journ\u00e9e.<\/p>\n\n\n\n<p>Et c\u2019est ici que l\u2019on rejoint la guerre en Ukraine. Comme les deux sujets sont dor\u00e9navant li\u00e9s par la gr\u00e2ce trumpienne, les journalistes font \u00e9galement tourner en boucle leur pseudo-information sur la situation en Ukraine et les projets de paix du g\u00e9nial tar\u00e9 d\u2019outre-Atlantique. Trump va donc r\u00e9gler en quelques jours ce conflit qui pourrit depuis trois ans&nbsp;! Qu\u2019a-t-il promis \u00e0 Poutine&nbsp;? On se garde bien d\u2019en parler. Mais \u00e7a, les Ukrainiens, eux , le savent, ils savent qu\u2019ils ont d\u00e9j\u00e0 perdu d\u00e9finitivement les terres prises par l\u2019arm\u00e9e russe, que l\u2019annexion de la Crim\u00e9e va \u00eatre reconnue de fait et qu\u2019ils ne pourront pas int\u00e9grer l\u2019OTAN. Trump a vendu l\u2019Ukraine \u00e0 Poutine pour d\u00e9sengager son pays de l\u2019aide \u00e0 l\u2019Europe, voil\u00e0 la v\u00e9rit\u00e9 toute nue, celle qu\u2019il faudrait marteler&nbsp;: c\u2019est un abandon en rase campagne, un retour \u00e0 l\u2019isolationnisme traditionnel am\u00e9ricain. Mais on camoufle cela derri\u00e8re l\u2019espoir d\u2019une paix brad\u00e9e qui va abandonner l\u2019Ukraine et l\u2019Europe.<\/p>\n\n\n\n<p>Mon propos n\u2019est pas de d\u00e9velopper davantage ces arguments&nbsp;: ils devraient \u00eatre \u00e9vidents pour toute personne qui r\u00e9fl\u00e9chit seule. Et pourtant ils sont aujourd\u2019hui consid\u00e9r\u00e9s comme d\u00e9viants face au discours ultra-dominant du syst\u00e8me m\u00e9diatique national, lequel a retrouv\u00e9 une belle sant\u00e9 de propagande depuis quelques ann\u00e9es (disons depuis le Covid, pour faire simple). Les auteurs de ce crime contre la libert\u00e9 de penser et l\u2019esprit critique sont ces r\u00e9dactions de clones fabriqu\u00e9s \u00e0 la pelle dans les \u00e9coles de bien-pensance qu\u2019on appelle de journalisme. Albert Londres, reviens, ils sont devenus fous&nbsp;!<\/p>\n\n\n\n<p>Bilan&nbsp;: un cr\u00e9tin peroxyd\u00e9, malade mental incontestable, d\u00e9lire en permanence et ses propos de malade sont repris et comment\u00e9s comme des oracles par toutes les r\u00e9dactions de France, sans aucun recul critique, sans signaler ce que ces paroles ont d\u2019inepte et de dangereux pour l\u2019ordre mondial p\u00e9niblement maintenu depuis 80 ans. Si vous adh\u00e9rez \u00e0 ces discours et pratiques, sachez que vous pr\u00e9parez le chaos pour vos enfants et petits-enfants, lesquels sont d\u00e9j\u00e0 tr\u00e8s menac\u00e9s par de vrais p\u00e9rils, sans que \u2018on rajoute celui de la b\u00eatise journalistique.<\/p>\n\n\n\n<p>Jean-Michel Dauriac \u2013 17 mars 2025<\/p>\n","protected":false},"excerpt":{"rendered":"<p>\u00ab\u00a0Si l\u2019on faisait une s\u00e9rieuse attention \u00e0 tout ce qui se dit de froid, de vain et de pu\u00e9ril dans les entretiens ordinaires, l\u2019on aurait&#8230;<\/p>\n<div class=\"more-link-wrapper\"><a class=\"more-link\" href=\"https:\/\/blogjeanmi.danslamarge.com\/?p=1273\">Continue reading<span class=\"screen-reader-text\">De la b\u00eatise journalistique \u00e0 l\u2019\u00e9chelle mondiale<\/span><\/a><\/div>\n","protected":false},"author":1,"featured_media":0,"comment_status":"open","ping_status":"open","sticky":false,"template":"","format":"standard","meta":{"footnotes":""},"categories":[9,10],"tags":[],"class_list":["post-1273","post","type-post","status-publish","format-standard","hentry","category-coups-de-gueule","category-dans-lactualite","entry"],"_links":{"self":[{"href":"https:\/\/blogjeanmi.danslamarge.com\/index.php?rest_route=\/wp\/v2\/posts\/1273","targetHints":{"allow":["GET"]}}],"collection":[{"href":"https:\/\/blogjeanmi.danslamarge.com\/index.php?rest_route=\/wp\/v2\/posts"}],"about":[{"href":"https:\/\/blogjeanmi.danslamarge.com\/index.php?rest_route=\/wp\/v2\/types\/post"}],"author":[{"embeddable":true,"href":"https:\/\/blogjeanmi.danslamarge.com\/index.php?rest_route=\/wp\/v2\/users\/1"}],"replies":[{"embeddable":true,"href":"https:\/\/blogjeanmi.danslamarge.com\/index.php?rest_route=%2Fwp%2Fv2%2Fcomments&post=1273"}],"version-history":[{"count":1,"href":"https:\/\/blogjeanmi.danslamarge.com\/index.php?rest_route=\/wp\/v2\/posts\/1273\/revisions"}],"predecessor-version":[{"id":1275,"href":"https:\/\/blogjeanmi.danslamarge.com\/index.php?rest_route=\/wp\/v2\/posts\/1273\/revisions\/1275"}],"wp:attachment":[{"href":"https:\/\/blogjeanmi.danslamarge.com\/index.php?rest_route=%2Fwp%2Fv2%2Fmedia&parent=1273"}],"wp:term":[{"taxonomy":"category","embeddable":true,"href":"https:\/\/blogjeanmi.danslamarge.com\/index.php?rest_route=%2Fwp%2Fv2%2Fcategories&post=1273"},{"taxonomy":"post_tag","embeddable":true,"href":"https:\/\/blogjeanmi.danslamarge.com\/index.php?rest_route=%2Fwp%2Fv2%2Ftags&post=1273"}],"curies":[{"name":"wp","href":"https:\/\/api.w.org\/{rel}","templated":true}]}}