{"id":1160,"date":"2024-07-07T23:52:36","date_gmt":"2024-07-07T22:52:36","guid":{"rendered":"https:\/\/blogjeanmi.danslamarge.com\/?p=1160"},"modified":"2024-07-08T17:44:23","modified_gmt":"2024-07-08T16:44:23","slug":"concert-en-duo-a-mers-sur-indre-36-culture-pour-tous-en-milieu-rural","status":"publish","type":"post","link":"https:\/\/blogjeanmi.danslamarge.com\/?p=1160","title":{"rendered":"Concert en duo \u00e0 Mers-sur-Indre (36) &#8211; Culture pour tous en milieu rural."},"content":{"rendered":"\n<p>Ce dimanche 7 juillet 2024, j&rsquo;ai assist\u00e9 \u00e0 un concert de musique classique donn\u00e9 dans l&rsquo;\u00e9glise du village de Mers-sur-Indre (36), par un duo alto-piano.<\/p>\n\n\n<div class=\"wp-block-image\">\n<figure class=\"aligncenter size-large is-resized\"><a href=\"https:\/\/blogjeanmi.danslamarge.com\/wp-content\/uploads\/2024\/07\/Image-01.jpg\"><img loading=\"lazy\" decoding=\"async\" width=\"727\" height=\"1024\" src=\"https:\/\/blogjeanmi.danslamarge.com\/wp-content\/uploads\/2024\/07\/Image-01-727x1024.jpg\" alt=\"\" class=\"wp-image-1161\" style=\"width:430px;height:auto\" srcset=\"https:\/\/blogjeanmi.danslamarge.com\/wp-content\/uploads\/2024\/07\/Image-01-727x1024.jpg 727w, https:\/\/blogjeanmi.danslamarge.com\/wp-content\/uploads\/2024\/07\/Image-01-213x300.jpg 213w, https:\/\/blogjeanmi.danslamarge.com\/wp-content\/uploads\/2024\/07\/Image-01-768x1082.jpg 768w, https:\/\/blogjeanmi.danslamarge.com\/wp-content\/uploads\/2024\/07\/Image-01.jpg 877w\" sizes=\"auto, (max-width: 727px) 100vw, 727px\" \/><\/a><\/figure>\n<\/div>\n\n\n<p>Ce village comporte environ 650 habitants et se trouve en pleine campagne berrichonne, \u00e0 une douzaine de kilom\u00e8tres de La Ch\u00e2tre, sous-pr\u00e9fecture du d\u00e9partement. J&rsquo;ai appris l&rsquo;existence de ce concert par un hebdomadaire local, L&rsquo;\u00e9cho du Berry, qui annonce les manifestations de toute le secteur berrichon du sud.<\/p>\n\n\n\n<p>Premi\u00e8re surprise: l&rsquo;\u00e9glise du village \u00e9tait quasiment pleine, soit pas loin de cent personnes. Je suis toujours surpris de la fr\u00e9quentation des manifestations culturelles dans cette France profonde, surtout quand je la compare aux publics \u00e9tiques des m\u00e9tropoles.<\/p>\n\n\n\n<p>Deuxi\u00e8me surprise: ce sont deux musiciens locaux, enseignants de musique dans le d\u00e9partement qui donnent ce concert \u00e0 entr\u00e9e gratuite (participation au chapeau). Souvent ce sont des musiciens parisiens ou lyonnais, en vacances ici qui donnent des concerts. Deux musiciens trentenaires.<\/p>\n\n\n\n<p>Troisi\u00e8me surprise: ils proposent un tr\u00e8s beau programme, accessible au grand public, mais de qualit\u00e9, avec des compositeurs vari\u00e9s, de Piazzolla \u00e0 Glazounov, en passant par Faur\u00e9.<\/p>\n\n\n<div class=\"wp-block-image\">\n<figure class=\"aligncenter size-large is-resized\"><a href=\"https:\/\/blogjeanmi.danslamarge.com\/wp-content\/uploads\/2024\/07\/Image-02.jpg\"><img loading=\"lazy\" decoding=\"async\" width=\"819\" height=\"1024\" src=\"https:\/\/blogjeanmi.danslamarge.com\/wp-content\/uploads\/2024\/07\/Image-02-819x1024.jpg\" alt=\"\" class=\"wp-image-1162\" style=\"width:425px;height:auto\" srcset=\"https:\/\/blogjeanmi.danslamarge.com\/wp-content\/uploads\/2024\/07\/Image-02-819x1024.jpg 819w, https:\/\/blogjeanmi.danslamarge.com\/wp-content\/uploads\/2024\/07\/Image-02-240x300.jpg 240w, https:\/\/blogjeanmi.danslamarge.com\/wp-content\/uploads\/2024\/07\/Image-02-768x960.jpg 768w, https:\/\/blogjeanmi.danslamarge.com\/wp-content\/uploads\/2024\/07\/Image-02-1229x1536.jpg 1229w, https:\/\/blogjeanmi.danslamarge.com\/wp-content\/uploads\/2024\/07\/Image-02.jpg 1549w\" sizes=\"auto, (max-width: 819px) 100vw, 819px\" \/><\/a><\/figure>\n<\/div>\n\n\n<p>La prestation  dure un peu plus dune heure et s&rsquo;ach\u00e8ve par un morceau de grande qualit\u00e9 technique, une sonate alto-piano de Glinka. L&rsquo;acoustique de la petite \u00e9glise de village est tout \u00e0 fait correcte, sauf quand les musiciens parlent pour pr\u00e9senter les morceaux : au-del\u00e0 du premier rang, on ne comprend rien, tant il y a d&rsquo;\u00e9cho. Un micro \u00e9tait vraiment n\u00e9cessaire, car ces moments de pr\u00e9sentation sont capitaux pour la transmission de la culture en milieu populaire.<\/p>\n\n\n\n<p>Ma seconde r\u00e9serve porte sur la qualit\u00e9 du piano, un simple piano droit, qui ne sonnait pas trop mal dans les m\u00e9diums, \u00e9tait plus faible dans les aigus et carr\u00e9ment asthmatique dans les graves. Je comprends \u00e9videmment que la petite association organisatrice du village n&rsquo;avait pas les moyens de louer un quart de queue, mais c&rsquo;est dommage, car le jeu de la pianiste n&rsquo;a pas pu \u00eatre appr\u00e9ci\u00e9 dans tout son registre. Par contre, l&rsquo;alto sonnait fort bien.<\/p>\n\n\n\n<p>L&rsquo;ex\u00e9cution artistique des deux musiciens est bonne, ils prennent visiblement beaucoup de plaisir \u00e0 jouer dans ce village, o\u00f9 r\u00e9side la pianiste. J&rsquo;ai particuli\u00e8rement appr\u00e9ci\u00e9 le travail sur les nuances, qui sont un bon moyen de juger de la qualit\u00e9 musicale d&rsquo;une prestation classique. Dans la sonate de Glinka, les \u00e9changes musicaux entre piano et alto \u00e9taient tr\u00e8s sensibles et rendaient cette pi\u00e8ce tr\u00e8s lisible pour l&rsquo;auditeur moyen, pas forc\u00e9ment musicologue. Ce sont deux musiciens exp\u00e9riment\u00e9s, sans doute plus pour l&rsquo;altiste dont internet vous permettra de reconstituer le parcours.<\/p>\n\n\n\n<figure class=\"wp-block-image size-large\"><a href=\"https:\/\/blogjeanmi.danslamarge.com\/wp-content\/uploads\/2024\/07\/Alexandra-Lemerle-Pierre-Laurent-Beloni-mers-sur-indre-7-juillet-24-scaled.jpg\"><img loading=\"lazy\" decoding=\"async\" width=\"1024\" height=\"768\" src=\"https:\/\/blogjeanmi.danslamarge.com\/wp-content\/uploads\/2024\/07\/Alexandra-Lemerle-Pierre-Laurent-Beloni-mers-sur-indre-7-juillet-24-1024x768.jpg\" alt=\"\" class=\"wp-image-1163\" srcset=\"https:\/\/blogjeanmi.danslamarge.com\/wp-content\/uploads\/2024\/07\/Alexandra-Lemerle-Pierre-Laurent-Beloni-mers-sur-indre-7-juillet-24-1024x768.jpg 1024w, https:\/\/blogjeanmi.danslamarge.com\/wp-content\/uploads\/2024\/07\/Alexandra-Lemerle-Pierre-Laurent-Beloni-mers-sur-indre-7-juillet-24-300x225.jpg 300w, https:\/\/blogjeanmi.danslamarge.com\/wp-content\/uploads\/2024\/07\/Alexandra-Lemerle-Pierre-Laurent-Beloni-mers-sur-indre-7-juillet-24-768x576.jpg 768w, https:\/\/blogjeanmi.danslamarge.com\/wp-content\/uploads\/2024\/07\/Alexandra-Lemerle-Pierre-Laurent-Beloni-mers-sur-indre-7-juillet-24-1536x1152.jpg 1536w, https:\/\/blogjeanmi.danslamarge.com\/wp-content\/uploads\/2024\/07\/Alexandra-Lemerle-Pierre-Laurent-Beloni-mers-sur-indre-7-juillet-24-2048x1536.jpg 2048w\" sizes=\"auto, (max-width: 1024px) 100vw, 1024px\" \/><\/a><\/figure>\n\n\n\n<p>Apr\u00e8s le concert, l&rsquo;AMAC, association musicale et culturelle de Mers avait, en plus, pr\u00e9vu un verre de l&rsquo;amiti\u00e9, avec des toasts et fruits, et ce fut un beau moment de partage sans chichi, entre des gens heureux d&rsquo;avoir v\u00e9cu ce beau moment musical.<\/p>\n\n\n\n<p>Voici un bel exemple de ce qu&rsquo;est la culture populaire: des gens passionn\u00e9s qui donnent de leur temps, les uns pour monter un r\u00e9pertoire, les autres pour accueillir, pr\u00e9parer les buffet, transporter le piano&#8230; et une offre d&rsquo;art pour tous, sans p\u00e9dantisme ni snobisme. Si nos dirigeants politiques divers allaient <strong>vraiment<\/strong> sur le terrain, ils comprendraient mieux la soif de culture de la France oubli\u00e9e et, pourtant aussi, sa richesse humaine.<\/p>\n\n\n\n<p>Merci \u00e0 Alexandra Lemerle &amp; Pierre-Laurent Beloni pour ce bon moment musical.<\/p>\n\n\n\n<p>J.M Dauriac &#8211; 7 juillet 2024.<\/p>\n","protected":false},"excerpt":{"rendered":"<p>Ce dimanche 7 juillet 2024, j&rsquo;ai assist\u00e9 \u00e0 un concert de musique classique donn\u00e9 dans l&rsquo;\u00e9glise du village de Mers-sur-Indre (36), par un duo alto-piano.&#8230;<\/p>\n<div class=\"more-link-wrapper\"><a class=\"more-link\" href=\"https:\/\/blogjeanmi.danslamarge.com\/?p=1160\">Continue reading<span class=\"screen-reader-text\">Concert en duo \u00e0 Mers-sur-Indre (36) &#8211; Culture pour tous en milieu rural.<\/span><\/a><\/div>\n","protected":false},"author":1,"featured_media":0,"comment_status":"open","ping_status":"open","sticky":false,"template":"","format":"standard","meta":{"footnotes":""},"categories":[15,8,4],"tags":[],"class_list":["post-1160","post","type-post","status-publish","format-standard","hentry","category-articles-divers","category-la-musique","category-les-critiques","entry"],"_links":{"self":[{"href":"https:\/\/blogjeanmi.danslamarge.com\/index.php?rest_route=\/wp\/v2\/posts\/1160","targetHints":{"allow":["GET"]}}],"collection":[{"href":"https:\/\/blogjeanmi.danslamarge.com\/index.php?rest_route=\/wp\/v2\/posts"}],"about":[{"href":"https:\/\/blogjeanmi.danslamarge.com\/index.php?rest_route=\/wp\/v2\/types\/post"}],"author":[{"embeddable":true,"href":"https:\/\/blogjeanmi.danslamarge.com\/index.php?rest_route=\/wp\/v2\/users\/1"}],"replies":[{"embeddable":true,"href":"https:\/\/blogjeanmi.danslamarge.com\/index.php?rest_route=%2Fwp%2Fv2%2Fcomments&post=1160"}],"version-history":[{"count":2,"href":"https:\/\/blogjeanmi.danslamarge.com\/index.php?rest_route=\/wp\/v2\/posts\/1160\/revisions"}],"predecessor-version":[{"id":1166,"href":"https:\/\/blogjeanmi.danslamarge.com\/index.php?rest_route=\/wp\/v2\/posts\/1160\/revisions\/1166"}],"wp:attachment":[{"href":"https:\/\/blogjeanmi.danslamarge.com\/index.php?rest_route=%2Fwp%2Fv2%2Fmedia&parent=1160"}],"wp:term":[{"taxonomy":"category","embeddable":true,"href":"https:\/\/blogjeanmi.danslamarge.com\/index.php?rest_route=%2Fwp%2Fv2%2Fcategories&post=1160"},{"taxonomy":"post_tag","embeddable":true,"href":"https:\/\/blogjeanmi.danslamarge.com\/index.php?rest_route=%2Fwp%2Fv2%2Ftags&post=1160"}],"curies":[{"name":"wp","href":"https:\/\/api.w.org\/{rel}","templated":true}]}}