{"id":111,"date":"2007-08-19T18:21:10","date_gmt":"2007-08-19T17:21:10","guid":{"rendered":"http:\/\/blogjeanmi.danslamarge.com\/2007\/08\/19\/ecologie-et-liberte-bernard-charbonneau-precurseur-de-lecologie-politique-daniel-cerezuelle-parangon-2006\/"},"modified":"2007-08-19T18:26:35","modified_gmt":"2007-08-19T17:26:35","slug":"ecologie-et-liberte-bernard-charbonneau-precurseur-de-lecologie-politique-daniel-cerezuelle-parangon-2006","status":"publish","type":"post","link":"https:\/\/blogjeanmi.danslamarge.com\/?p=111","title":{"rendered":"Ecologie et libert\u00e9 &#8211; Bernard Charbonneau, pr\u00e9curseur de l&rsquo;\u00e9cologie politique &#8211; Daniel C\u00e9r\u00e9zuelle &#8211; Parangon 2006"},"content":{"rendered":"<h1 style=\"text-align: center\" align=\"center\">Ecologie et Libert\u00e9<\/h1>\n<h2 style=\"text-align: center\" align=\"center\">Bernard Charbonneau , pr\u00e9curseur de l\u2019\u00e9cologie politique<\/h2>\n<p class=\"MsoFooter\"><!--[if !supportEmptyParas]--> <!--[endif]--><o:p><\/o:p><\/p>\n<p class=\"MsoNormal\"><strong><span style=\"color: navy\">Daniel C\u00e9r\u00e9zuelle<span>                                                                                               <\/span><\/span><span style=\"color: #003300\">&#8211; Parangon\/Vs  &#8211; 200 pages \u2013 Lyon \u2013 2006<\/span><\/strong><\/p>\n<p class=\"MsoNormal\"><!--[if !supportEmptyParas]--> <!--[endif]--><o:p><\/o:p><\/p>\n<p class=\"MsoNormal\" style=\"text-align: center\" align=\"center\"><!--[if gte vml 1]><v:shapetype  id=\"_x0000_t75\" coordsize=\"21600,21600\" o:spt=\"75\" o:preferrelative=\"t\"  path=\"m@4@5l@4@11@9@11@9@5xe\" filled=\"f\" stroked=\"f\">  <v:stroke joinstyle=\"miter\"\/>  <v:formulas>   <v:f eqn=\"if lineDrawn pixelLineWidth 0\"\/>   <v:f eqn=\"sum @0 1 0\"\/>   <v:f eqn=\"sum 0 0 @1\"\/>   <v:f eqn=\"prod @2 1 2\"\/>   <v:f eqn=\"prod @3 21600 pixelWidth\"\/>   <v:f eqn=\"prod @3 21600 pixelHeight\"\/>   <v:f eqn=\"sum @0 0 1\"\/>   <v:f eqn=\"prod @6 1 2\"\/>   <v:f eqn=\"prod @7 21600 pixelWidth\"\/>   <v:f eqn=\"sum @8 21600 0\"\/>   <v:f eqn=\"prod @7 21600 pixelHeight\"\/>   <v:f eqn=\"sum @10 21600 0\"\/>  <\/v:formulas>  <v:path o:extrusionok=\"f\" gradientshapeok=\"t\" o:connecttype=\"rect\"\/>  <o:lock v:ext=\"edit\" aspectratio=\"t\"\/> <\/v:shapetype><v:shape id=\"_x0000_i1025\" type=\"#_x0000_t75\" style='width:106.5pt;  height:166.5pt'>  <v:imagedata src=\"file:\/\/\/C:\/DOCUME~1\/JMD\/LOCALS~1\/Temp\/msoclip1\/04\/clip_image001.jpg\"   o:title=\"charbonneau-ecologie-et-lib\"\/> <\/v:shape><![endif]--><!--[if !vml]--><a href=\"https:\/\/blogjeanmi.danslamarge.com\/wp-content\/uploads\/2007\/08\/charbonneau-ecologie-et-lib.jpg\" title=\"charbonneau-ecologie-et-lib.jpg\"><img loading=\"lazy\" decoding=\"async\" src=\"https:\/\/blogjeanmi.danslamarge.com\/wp-content\/uploads\/2007\/08\/charbonneau-ecologie-et-lib.jpg\" alt=\"charbonneau-ecologie-et-lib.jpg\" height=\"458\" width=\"295\" \/><\/a><img loading=\"lazy\" decoding=\"async\" src=\"file:\/\/\/C:\/DOCUME%7E1\/JMD\/LOCALS%7E1\/Temp\/msoclip1\/04\/clip_image002.jpg\" v:shapes=\"_x0000_i1025\" height=\"222\" width=\"142\" \/><!--[endif]--><\/p>\n<p class=\"MsoBodyText\">Je ne peux que saluer cet ouvrage qui vient combler un vide \u00e9ditorial abyssal sur un auteur que je consid\u00e8re comme un des plus importants de la seconde moiti\u00e9 du vingti\u00e8me si\u00e8cle en France : Bernard Charbonneau.<\/p>\n<p class=\"MsoNormal\"><span style=\"font-size: 10pt\"><!--[if !supportEmptyParas]--> <!--[endif]--><o:p><\/o:p><\/span><\/p>\n<p class=\"MsoNormal\"><span style=\"font-size: 10pt\">Voici<span>  <\/span>un penseur qui a produit une bonne vingtaine de livres durant une grosse trentaine d\u2019ann\u00e9es, sur des sujets majeurs aujourd\u2019hui et que personne ou presque ne conna\u00eet ! Il a subi encore plus vigoureusement que son alter ego Jacques Ellul l\u2019ostracisme des gens qui n\u2019appartiennent \u00e0 aucune \u00e9cole de pens\u00e9e et n\u2019ont pas fait all\u00e9geance aux modes intellectuelles du si\u00e8cle pass\u00e9.<o:p><\/o:p><\/span><\/p>\n<p class=\"MsoNormal\"><span style=\"font-size: 10pt\"><!--[if !supportEmptyParas]--> <!--[endif]--><o:p><\/o:p><\/span><\/p>\n<p class=\"MsoNormal\"><span style=\"font-size: 10pt\">Charbonneau est professeur de g\u00e9ographie de formation. C\u2019est une discipline qui pr\u00e9dispose \u00e0 l\u2019ouverture d\u2019esprit, en tant que synth\u00e8se par excellence.Mais il est aussi d\u00e8s sa jeunesse l\u2019ind\u00e9fectible ami de Jacques Ellul, professeur de droit. Une amiti\u00e9 de soixante ans qui leur a permis de mener une aventure intellectuelle m\u00e9ritant d\u2019\u00eatre beaucoup mieux connue car d\u00e9terminante pour comprendre le monde actuel, qu\u2019ils avaient anticip\u00e9 et d\u00e9cod\u00e9 avant presque tous les autres intellectuels. La liste des th\u00e8mes abord\u00e9s par Charbonneau montre \u00e0 la fois sa curiosit\u00e9 et son importance.<o:p><\/o:p><\/span><\/p>\n<p class=\"MsoNormal\"><span style=\"font-size: 10pt\"><!--[if !supportEmptyParas]--> <!--[endif]--><o:p><\/o:p><\/span><\/p>\n<p class=\"MsoNormal\"><span style=\"font-size: 10pt\">Nous empruntons \u00e0 Wikipedia la liste des ouvrages trouv\u00e9s dans l\u2019article qui le concerne (elle est incompl\u00e8te, alors que celle qui cl\u00f4t le livre de C\u00e9r\u00e9zuelle est exhaustive):<o:p><\/o:p><\/span><\/p>\n<p class=\"MsoNormal\"><span style=\"font-size: 10pt\"><!--[if !supportEmptyParas]--> <!--[endif]--><o:p><\/o:p><\/span><\/p>\n<ul type=\"disc\">\n<li class=\"MsoNormal\"><em><span style=\"font-size: 10pt\">Teilhard de Chardin, proph\u00e8te d&rsquo;un \u00e2ge      totalitaire<\/span><\/em><span style=\"font-size: 10pt\">, 1963.<o:p><\/o:p><\/span><\/li>\n<li class=\"MsoNormal\"><em><span style=\"font-size: 10pt\">Le Paradoxe de la culture<\/span><\/em><span style=\"font-size: 10pt\">, 1965<o:p><\/o:p><\/span><\/li>\n<li class=\"MsoNormal\"><em><span style=\"font-size: 10pt\">C\u00e9l\u00e9bration du coq<\/span><\/em><span style=\"font-size: 10pt\">, 1966<o:p><\/o:p><\/span><\/li>\n<li class=\"MsoNormal\"><em><span style=\"font-size: 10pt\">Dimanche et lundi<\/span><\/em><span style=\"font-size: 10pt\">, 1966<o:p><\/o:p><\/span><\/li>\n<li class=\"MsoNormal\"><em><span style=\"font-size: 10pt\">L&rsquo;Hommauto<\/span><\/em><span style=\"font-size: 10pt\">, 1966<o:p><\/o:p><\/span><\/li>\n<li class=\"MsoNormal\"><em><span style=\"font-size: 10pt\">Le Jardin de Babylone<\/span><\/em><span style=\"font-size: 10pt\">, 1969.<o:p><\/o:p><\/span><\/li>\n<li class=\"MsoNormal\"><em><span style=\"font-size: 10pt\">La Fin du paysage<\/span><\/em><span style=\"font-size: 10pt\">, 1972<o:p><\/o:p><\/span><\/li>\n<li class=\"MsoNormal\"><em><span style=\"font-size: 10pt\">Le Syst\u00e8me et le chaos. Critique du      d\u00e9veloppement exponentiel<\/span><\/em><span style=\"font-size: 10pt\">, 1973<o:p><\/o:p><\/span><\/li>\n<li class=\"MsoNormal\"><em><span style=\"font-size: 10pt\">Tristes campagnes<\/span><\/em><span style=\"font-size: 10pt\">, 1973<o:p><\/o:p><\/span><\/li>\n<li class=\"MsoNormal\"><em><span style=\"font-size: 10pt\">Notre table rase<\/span><\/em><span style=\"font-size: 10pt\">, 1974<o:p><\/o:p><\/span><\/li>\n<li class=\"MsoNormal\"><em><span style=\"font-size: 10pt\">Le Feu vert<\/span><\/em><span style=\"font-size: 10pt\">, 1980<o:p><\/o:p><\/span><\/li>\n<li class=\"MsoNormal\"><em><span style=\"font-size: 10pt\">Je fus<\/span><\/em><span style=\"font-size: 10pt\">, 1980<o:p><\/o:p><\/span><\/li>\n<li class=\"MsoNormal\"><em><span style=\"font-size: 10pt\">Une seconde nature<\/span><\/em><span style=\"font-size: 10pt\">, 1981<o:p><\/o:p><\/span><\/li>\n<li class=\"MsoNormal\"><em><span style=\"font-size: 10pt\">L&rsquo;\u00c9tat<\/span><\/em><span style=\"font-size: 10pt\">, 1987<o:p><\/o:p><\/span><\/li>\n<li class=\"MsoNormal\"><em><span style=\"font-size: 10pt\">Le Syst\u00e8me et le chaos<\/span><\/em><span style=\"font-size: 10pt\">, 1990<o:p><\/o:p><\/span><\/li>\n<li class=\"MsoNormal\"><em><span style=\"font-size: 10pt\">Nuit et jour<\/span><\/em><span style=\"font-size: 10pt\">, 1991<o:p><\/o:p><\/span><\/li>\n<li class=\"MsoNormal\"><em><span style=\"font-size: 10pt\">Sauver nos r\u00e9gions<\/span><\/em><span style=\"font-size: 10pt\">, 1991<o:p><\/o:p><\/span><\/li>\n<li class=\"MsoNormal\"><em><span style=\"font-size: 10pt\">Il court, il court le fric&#8230;<\/span><\/em><span style=\"font-size: 10pt\">, 1996<o:p><\/o:p><\/span><\/li>\n<li class=\"MsoNormal\"><em><span style=\"font-size: 10pt\">Un Festin pour Tantale<\/span><\/em><span style=\"font-size: 10pt\">, 1997<o:p><\/o:p><\/span><\/li>\n<\/ul>\n<p class=\"MsoNormal\"><span style=\"font-size: 10pt\">Le lien complet est le suivant : <a href=\"http:\/\/fr.wikipedia.org\/wiki\/Bernard_Charbonneau\">http:\/\/fr.wikipedia.org\/wiki\/Bernard_Charbonneau<\/a><o:p><\/o:p><\/span><\/p>\n<p class=\"MsoNormal\"><span style=\"font-size: 10pt\"><!--[if !supportEmptyParas]--> <!--[endif]--><o:p><\/o:p><\/span><\/p>\n<p class=\"MsoNormal\"><span style=\"font-size: 10pt\">En particulier Charbonneau est un des seuls qui se soit int\u00e9ress\u00e9 \u00e0 l\u2019Etat dans un r\u00e9flexion qui d\u00e9passe l\u2019enseignement des juristes. Sa position en la mati\u00e8re se rapproche de celle d\u2019Ellul, mais il ne va pas jusqu\u2019\u00e0 pr\u00e9coniser sa disparition, Charbonneau n\u2019est pas anarchiste, \u00e0 la diff\u00e9rence de son vieux complice.<o:p><\/o:p><\/span><\/p>\n<p class=\"MsoNormal\"><span style=\"font-size: 10pt\"><!--[if !supportEmptyParas]--> <!--[endif]--><o:p><\/o:p><\/span><\/p>\n<p class=\"MsoNormal\"><span style=\"font-size: 10pt\">Daniel Cr\u00e9zuelle est philosophe, ce qui l\u2019aide bien pour analyser la pens\u00e9e de Charbonneau. De plus, il l\u2019a bien connu et a eu avec lui des entretiens personnels en vue de pr\u00e9parer ce livre, il a eu des contacts nombreux avec sa famille. Bref, c\u2019est un livre nourri directement \u00e0 la source. De plus, et c\u2019est important, il s\u2019agit d\u2019un travail extr\u00eament s\u00e9rieux, m\u00e9ticuleux, d\u2019aucuns diraient scolaires, mais ce n\u2019est pas une insulte. Daniel C\u00e9r\u00e9zuelle met toute sa pens\u00e9e \u00e0 servir la pens\u00e9e de Charbonneau, on sent un grand attachement et une longue fr\u00e9quentation des id\u00e9es et de l\u2019homme. Le r\u00e9sultat est un ouvrage tout \u00e0 fait remarquable qui constitue LA porte d\u2019entr\u00e9e dans l\u2019\u0153uvre de Charbonneau, d\u2019autant plus que certains de ses livres sont maintenant r\u00e9\u00e9dit\u00e9s. Nous donnons en fin d\u2019articles les titres disponibles et les liens pour les commander.<o:p><\/o:p><\/span><\/p>\n<p class=\"MsoNormal\"><span style=\"font-size: 10pt\"><!--[if !supportEmptyParas]--> <!--[endif]--><o:p><\/o:p><\/span><\/p>\n<p class=\"MsoNormal\"><span style=\"font-size: 10pt\">Je ne vais pas ici me livrer \u00e0 une analyse d\u00e9taill\u00e9e de ce livre , ce serait tr\u00e8s long et fastidieux. J\u2019ai r\u00e9dig\u00e9 un bilan et un choix de citations qui devraient trouver place sur ce site lorsque j\u2019aurai trouv\u00e9 le temps et l\u2019envie de les saisir (je d\u00e9teste saisir mes textes qui sont tous \u00e9crits \u00e0 la mains et \u00e0 la plume).<o:p><\/o:p><\/span><\/p>\n<p class=\"MsoNormal\"><span style=\"font-size: 10pt\"><!--[if !supportEmptyParas]--> <!--[endif]--><o:p><\/o:p><\/span><\/p>\n<p class=\"MsoNormal\"><span style=\"font-size: 10pt\">Le livre est truff\u00e9 de citations et d\u2019extraits, dont certains sont assez longs, ce qui donne une bonne id\u00e9e et du style et de la pens\u00e9e de Charbonneau. C\u00e9r\u00e9zuelle n\u2019h\u00e9site pas \u00e0 signaler les faiblesses de l\u2019\u0153uvre, comme le refus de Charbonneau de conceptualiser sa pens\u00e9e ou de d\u00e9finir certaines notions (voir page 47 ces mots, dont \u00ab totalitarisme \u00bb, \u00ab libert\u00e9 \u00bb ou \u00ab incarnation \u00bb). Il montre clairement par des chapitres solides comment Charbonneau a pens\u00e9 la version actuelle du totalitarisme, ce qu\u2019il appelle la \u00ab <strong>totalit\u00e9<\/strong> \u00bb. Comment il se sert de sa connaissance de l\u2019histoire pour identifier \u00ab <strong>La Grande Mue<\/strong> \u00bb qui marque la naissance du monde technique du XX\u00e8me si\u00e8cle. Il traduit bien les positions incertaines devant la transcendance et la vie spirituelle, ce qu\u2019on retrouve toujours chez Charbonneau, qui ne croit pas en Dieu mais est indubitablement marqu\u00e9 par son<span>  <\/span>\u00e9ducation protestante, un peu comme Elis\u00e9e Reclus. Finalement le sous-titre s\u2019av\u00e8re assez trompeur et sans doute est-il circonstanciel. Il est assez peu question d\u2019\u00e9cologie en soi. Il est surtout question de sens de la vie, d\u2019organisation sociale, de morale et d\u2019\u00e9thique. Le comportement vis-\u00e0-vis de la nature d\u00e9coule de ces r\u00e9flexions, il n\u2019en est pas la cause. Oui, Charbonneau et Ellul sont parmi les fondateurs d\u2019une pens\u00e9e qui remet l\u2019homme \u00e0 sa place, tout comme Th\u00e9odore Monod. Il y a l\u00e0 sans nul doute une \u00e9cole protestante de pens\u00e9e, marqu\u00e9e par le Cosmos et Dieu, pens\u00e9e de l\u2019unit\u00e9 \u00e0 r\u00e9tablir, ce que Monod appelait la \u00ab r\u00e9conciliation avec la nature \u00bb ou Albert Schweitzer la \u00ab R\u00e9v\u00e9rence \u00e0 la vie \u00bb. On est loin de l\u2019\u00e9cologie \u00e0 la petite semaine et de ses combines politiciennes minables. Si Charbonneau est un pr\u00e9curseur il n\u2019a pas \u00e9t\u00e9 bien compris du tout. Pour lui, comme pour ceux \u00e9voqu\u00e9s ci-dessus, le comportement respectueux et int\u00e9gr\u00e9 au Monde Vivant est la cons\u00e9quence d\u2019une d\u00e9marche spirituelle coh\u00e9rente et non un simple choix politico-l\u00e9gislatif. C\u2019est dans le c\u0153ur et l\u2019esprit que la \u00ab mue \u00bb doit avoir lieu. Charbonneau est \u00e0 red\u00e9couvrir ou \u00e0 d\u00e9couvrir, ce livre de C\u00e9r\u00e9zuelle est une bonne action en ce sens. A lire le crayon \u00e0 la min et \u00e0 petites doses pour assimiler.<o:p><\/o:p><\/span><\/p>\n<p class=\"MsoNormal\"><span style=\"font-size: 10pt\"><!--[if !supportEmptyParas]--> <!--[endif]--><o:p><\/o:p><\/span><\/p>\n<p class=\"MsoNormal\"><span style=\"font-size: 10pt\">Livres disponibles en ce moment :<o:p><\/o:p><\/span><\/p>\n<p class=\"MsoNormal\"><span style=\"font-size: 10pt\"><!--[if !supportEmptyParas]--> <!--[endif]--><o:p><\/o:p><\/span><\/p>\n<ul type=\"disc\">\n<li class=\"MsoNormal\"><em><span style=\"font-size: 10pt\">L&rsquo;Hommauto, 1966<span>      <\/span>12.35\u20ac<o:p><\/o:p><\/span><\/em><\/li>\n<li class=\"MsoNormal\"><em><span style=\"font-size: 10pt\">Le Jardin de Babylone, 1969.<span>    <\/span>17.10\u20ac<o:p><\/o:p><\/span><\/em><\/li>\n<li class=\"MsoNormal\"><em><span style=\"font-size: 10pt\">L&rsquo;\u00c9tat, 1987<span>      <\/span>29.45\u20ac<o:p><\/o:p><\/span><\/em><\/li>\n<li class=\"MsoNormal\"><em><span style=\"font-size: 10pt\">Le Syst\u00e8me et le chaos, 1990<span>   <\/span>29.45\u20ac<o:p><\/o:p><\/span><\/em><\/li>\n<li class=\"MsoNormal\"><em><span style=\"font-size: 10pt\">Nuit et jour, 1991<span>   <\/span>29.45\u20ac<o:p><\/o:p><\/span><\/em><\/li>\n<li class=\"MsoNormal\"><em><span style=\"font-size: 10pt\">Prom\u00e9th\u00e9e r\u00e9enchain\u00e9<span>  <\/span>8.08\u20ac<o:p><\/o:p><\/span><\/em><\/li>\n<li class=\"MsoNormal\"><em><span style=\"font-size: 10pt\">Comment ne pas penser<span>   <\/span>14.00\u20ac<o:p><\/o:p><\/span><\/em><\/li>\n<li class=\"MsoNormal\"><em><span style=\"font-size: 10pt\">Bien aimer sa maman<span>   <\/span>12.00\u20ac<o:p><\/o:p><\/span><\/em><\/li>\n<\/ul>\n<p class=\"MsoNormal\"><span style=\"font-size: 10pt\"><a href=\"http:\/\/www.amazon.fr\/s\/ref=sr_pg_1\/171-5514025-1274638?ie=UTF8&amp;rs=301130&amp;keywords=Bernard%20Charbonneau&amp;rh=n%3A301130%2Ck%3ABernard%20Charbonneau&amp;page=1\">Ces livres sont tous en vente \u00e0 cette adresse<\/a>  <o:p><\/o:p><\/span><\/p>\n<p class=\"MsoNormal\"><span style=\"font-size: 10pt\"><br \/>\n<o:p><\/o:p><\/span><\/p>\n<p class=\"MsoNormal\"><span style=\"font-size: 10pt\"><!--[if !supportEmptyParas]--> <!--[endif]--><o:p><\/o:p><\/span><\/p>\n","protected":false},"excerpt":{"rendered":"<p>Ecologie et Libert\u00e9 Bernard Charbonneau , pr\u00e9curseur de l\u2019\u00e9cologie politique Daniel C\u00e9r\u00e9zuelle &#8211; Parangon\/Vs &#8211; 200 pages \u2013 Lyon \u2013 2006 Je ne peux que&#8230;<\/p>\n<div class=\"more-link-wrapper\"><a class=\"more-link\" href=\"https:\/\/blogjeanmi.danslamarge.com\/?p=111\">Continue reading<span class=\"screen-reader-text\">Ecologie et libert\u00e9 &#8211; Bernard Charbonneau, pr\u00e9curseur de l&rsquo;\u00e9cologie politique &#8211; Daniel C\u00e9r\u00e9zuelle &#8211; Parangon 2006<\/span><\/a><\/div>\n","protected":false},"author":1,"featured_media":0,"comment_status":"open","ping_status":"open","sticky":false,"template":"","format":"standard","meta":{"footnotes":""},"categories":[4,5],"tags":[],"class_list":["post-111","post","type-post","status-publish","format-standard","hentry","category-les-critiques","category-les-livres-essais","entry"],"_links":{"self":[{"href":"https:\/\/blogjeanmi.danslamarge.com\/index.php?rest_route=\/wp\/v2\/posts\/111","targetHints":{"allow":["GET"]}}],"collection":[{"href":"https:\/\/blogjeanmi.danslamarge.com\/index.php?rest_route=\/wp\/v2\/posts"}],"about":[{"href":"https:\/\/blogjeanmi.danslamarge.com\/index.php?rest_route=\/wp\/v2\/types\/post"}],"author":[{"embeddable":true,"href":"https:\/\/blogjeanmi.danslamarge.com\/index.php?rest_route=\/wp\/v2\/users\/1"}],"replies":[{"embeddable":true,"href":"https:\/\/blogjeanmi.danslamarge.com\/index.php?rest_route=%2Fwp%2Fv2%2Fcomments&post=111"}],"version-history":[{"count":0,"href":"https:\/\/blogjeanmi.danslamarge.com\/index.php?rest_route=\/wp\/v2\/posts\/111\/revisions"}],"wp:attachment":[{"href":"https:\/\/blogjeanmi.danslamarge.com\/index.php?rest_route=%2Fwp%2Fv2%2Fmedia&parent=111"}],"wp:term":[{"taxonomy":"category","embeddable":true,"href":"https:\/\/blogjeanmi.danslamarge.com\/index.php?rest_route=%2Fwp%2Fv2%2Fcategories&post=111"},{"taxonomy":"post_tag","embeddable":true,"href":"https:\/\/blogjeanmi.danslamarge.com\/index.php?rest_route=%2Fwp%2Fv2%2Ftags&post=111"}],"curies":[{"name":"wp","href":"https:\/\/api.w.org\/{rel}","templated":true}]}}