{"id":1055,"date":"2023-12-31T16:30:48","date_gmt":"2023-12-31T15:30:48","guid":{"rendered":"https:\/\/blogjeanmi.danslamarge.com\/?p=1055"},"modified":"2023-12-31T16:30:49","modified_gmt":"2023-12-31T15:30:49","slug":"quoi-de-neuf-sermon-du-31-decembre-2023","status":"publish","type":"post","link":"https:\/\/blogjeanmi.danslamarge.com\/?p=1055","title":{"rendered":"Quoi de neuf? sermon du 31 d\u00e9cembre 2023"},"content":{"rendered":"\n<p><\/p>\n\n\n\n<p><\/p>\n\n\n\n<p>Ce sermon est un message de circonstance li\u00e9 \u00e0 la date du jour&nbsp;: nous sommes le 31 d\u00e9cembre, dernier jour de l\u2019ann\u00e9e civile. Ce soir \u00e0 23 h 59\u2019 59\u2019\u2019 se terminera l\u2019ann\u00e9e 2023 et d\u00e9butera l\u2019an 2024 d\u2019apr\u00e8s une hypoth\u00e9tique ann\u00e9e z\u00e9ro qui serait celle de la naissance du Christ. J\u2019aimerais que nous r\u00e9fl\u00e9chissions un instant \u00e0 ce moment et \u00e0 sa pratique courante dans notre soci\u00e9t\u00e9. Mais que nous y r\u00e9fl\u00e9chissions en chr\u00e9tiens et non en sociologues ou en journalistes.<\/p>\n\n\n\n<h2 class=\"wp-block-heading\">La sp\u00e9cificit\u00e9 de ce jour<\/h2>\n\n\n\n<p>Le 31 d\u00e9cembre est la combinaison courante dans le christianisme catholique historique de deux traditions distinctes&nbsp;:<\/p>\n\n\n\n<ul class=\"wp-block-list\">\n<li>Le jour o\u00f9 on v\u00e9n\u00e8re et c\u00e9l\u00e8bre le saint appel\u00e9 Sylvestre.<\/li>\n\n\n\n<li>Le jour d\u2019un banquet, h\u00e9rit\u00e9 de la tradition pa\u00efenne romaine, pour f\u00eater le d\u00e9but de la nouvelle ann\u00e9e.<\/li>\n<\/ul>\n\n\n\n<p>C\u2019est donc un bel exemple de r\u00e9cup\u00e9ration d\u2019une tradition pa\u00efenne christianis\u00e9e, comme le 25 d\u00e9cembre ou le sapin de No\u00ebl.<\/p>\n\n\n\n<p>Les m\u00e9dias, chaque ann\u00e9e, dans la semaine s\u00e9parant No\u00ebl du 31 d\u00e9cembre r\u00e9p\u00e8tent \u00e0 l\u2019envi les sujets sur la Saint-Sylvestre. Absurdit\u00e9 \u00e9tonnante d\u2019une soci\u00e9t\u00e9 mat\u00e9rialiste, qui ne croit plus \u00e0 Dieu ni \u00e0 Diable. Le terme est usit\u00e9, sans voir \u00e0 quel point cet usage est absurde&nbsp;!<\/p>\n\n\n\n<h3 class=\"wp-block-heading\">Mais qui \u00e9tait ce Sylvestre f\u00eat\u00e9 le 31 d\u00e9cembre\u00a0?<\/h3>\n\n\n\n<p><\/p>\n\n\n<div class=\"wp-block-image\">\n<figure class=\"aligncenter size-full\"><a href=\"https:\/\/blogjeanmi.danslamarge.com\/wp-content\/uploads\/2023\/12\/saint-Sylvestre-Statue.png\"><img loading=\"lazy\" decoding=\"async\" width=\"196\" height=\"261\" src=\"https:\/\/blogjeanmi.danslamarge.com\/wp-content\/uploads\/2023\/12\/saint-Sylvestre-Statue.png\" alt=\"\" class=\"wp-image-1058\"\/><\/a><\/figure>\n<\/div>\n\n\n<p>D\u2019apr\u00e8s la liste catholique des papes, il fut le 33<sup>e<\/sup> pape (\u00e9v\u00eaque de Rome, successeur de Pierre, devenu, \u00e0 son corps d\u00e9fendant, premier pape de l\u2019histoire chr\u00e9tienne). Il est le premier \u00e9v\u00eaque de Rome reconnu l\u00e9galement par le pouvoir romain, ici l\u2019empereur Constantin Ier, qui a pris en 313 un \u00e9dit de tol\u00e9rance qui reconna\u00eet officiellement le christianisme comme religion autoris\u00e9e et, dans les faits, religion fortement privil\u00e9gi\u00e9e par Constantin. Sylvestre est \u00e9lu le 31 d\u00e9cembre 314 et meurt, selon la l\u00e9gende, le 31 d\u00e9cembre 335, apr\u00e8s 21 ans d\u2019\u00e9piscopat. C\u2019est l\u00e0 son principal sujet de gloire.<\/p>\n\n\n\n<p>Il fut un pape insignifiant, inf\u00e9od\u00e9 \u00e0 Constantin et qui fut surtout un conseiller pour la construction de toute une s\u00e9rie d\u2019\u00e9glises, dont la premi\u00e8re basilique Saint-Pierre et Saint Paul-hors-les -murs, deux \u00e9glises \u00e9difi\u00e9es sur le lieu suppos\u00e9 du martyr des deux ap\u00f4tres.<\/p>\n\n\n\n<p>Au Ve et VIe si\u00e8cles, toute une s\u00e9rie de l\u00e9gendes incroyables furent invent\u00e9es et r\u00e9dig\u00e9es pour lui donner une v\u00e9ritable consistance, notamment le fait qu\u2019il ait baptis\u00e9 Constantin, ce qui est historiquement faux, puisque celui-ci re\u00e7ut le bapt\u00eame, juste avant de mourir, d\u2019Eus\u00e8be de Nicom\u00e9die, pr\u00eatre arien, donc h\u00e9r\u00e9tique selon la doctrine officielle promue par l\u2019empereur \u00e0 Nic\u00e9e.<\/p>\n\n\n\n<p>Le 31 d\u00e9cembre est donc la f\u00eate d\u2019un saint sans relief, entour\u00e9 de l\u00e9gendes invraisemblables. Voil\u00e0 pour l\u2019aspect religieux du jour.<\/p>\n\n\n\n<h3 class=\"wp-block-heading\">Quelle f\u00eate le 31 d\u00e9cembre au soir&nbsp;?<\/h3>\n\n\n\n<ul class=\"wp-block-list\">\n<li>Une f\u00eate strictement profane, d\u00e9di\u00e9e aux exc\u00e8s de table et \u00e0 la boisson, o\u00f9 il ne fait pas bon \u00eatre pauvre. Le contraste entre ce que nous donnent \u00e0 voir les m\u00e9dias et les personnalit\u00e9s et les soir\u00e9es organis\u00e9es par les associations humanitaires est saisissant. D\u2019un c\u00f4t\u00e9, le gaspillage \u00e9hont\u00e9, les paillettes et les frous-frous des cabarets, de l\u2019autre des mis\u00e9reux sortis de la rue par des \u00e2mes compatissantes. Un reflet brut de nos soci\u00e9t\u00e9s capitalistes lib\u00e9rales.<\/li>\n<\/ul>\n\n\n<div class=\"wp-block-image\">\n<figure class=\"aligncenter size-full\"><a href=\"https:\/\/blogjeanmi.danslamarge.com\/wp-content\/uploads\/2023\/12\/saint-sylvestre-fete-champagne.jpg\"><img loading=\"lazy\" decoding=\"async\" width=\"260\" height=\"194\" src=\"https:\/\/blogjeanmi.danslamarge.com\/wp-content\/uploads\/2023\/12\/saint-sylvestre-fete-champagne.jpg\" alt=\"\" class=\"wp-image-1056\"\/><\/a><\/figure>\n<\/div>\n\n\n<ul class=\"wp-block-list\">\n<li>Une f\u00eate de la consommation sans limites&nbsp;: voyez les offres de nos magasins, les tarifs pratiqu\u00e9s et les produits propos\u00e9s. Il semble que cette nuit-l\u00e0 tous les exc\u00e8s soient permis. C\u2019est la symbolique de l\u2019orgie pa\u00efenne, la f\u00eate bacchanale. Le tout habill\u00e9 par de grands couturiers et des chefs \u00e9toil\u00e9s.<\/li>\n\n\n\n<li>Une f\u00eate de la renaissance&nbsp;: l\u2019an neuf est cens\u00e9 remettre les compteurs \u00e0 z\u00e9ro. On remet tout \u00e0 plat et, de fait, nous faisons semblant de croire, un bref moment, que la r\u00e9alit\u00e9 sera diff\u00e9rente.<\/li>\n\n\n\n<li>C\u2019est le moment de ce que l\u2019on nomme traditionnellement \u00ab&nbsp;les bonnes r\u00e9solutions de l\u2019an neuf&nbsp;\u00bb&nbsp;:<\/li>\n\n\n\n<li>Les Anglo-saxons ont invent\u00e9 r\u00e9cemment le \u00ab&nbsp;Dry january&nbsp;\u00bb, le mois de janvier sec, sans consommation d\u2019alcool, sans doute pour purger le corps des abus de la semaine entre No\u00ebl et le Jour de l\u2019an.<\/li>\n\n\n\n<li>Tout le march\u00e9 est construit pour nous inviter \u00e0 prendre le d\u00e9part d\u2019une vie nouvelle&nbsp;:<\/li>\n\n\n\n<li>Promotions multiples&nbsp;;<\/li>\n\n\n\n<li>Campagnes de presse sur les nouveaut\u00e9s de l\u2019ann\u00e9e&nbsp;;<\/li>\n\n\n\n<li>Encouragement aux nouvelles pratiques, cens\u00e9es \u00eatre plus saines, mais surtout monnayables.<\/li>\n<\/ul>\n\n\n\n<figure class=\"wp-block-image size-full\"><a href=\"https:\/\/blogjeanmi.danslamarge.com\/wp-content\/uploads\/2023\/12\/saint-sylvestre-feu-dartifice.png\"><img loading=\"lazy\" decoding=\"async\" width=\"794\" height=\"448\" src=\"https:\/\/blogjeanmi.danslamarge.com\/wp-content\/uploads\/2023\/12\/saint-sylvestre-feu-dartifice.png\" alt=\"\" class=\"wp-image-1057\" srcset=\"https:\/\/blogjeanmi.danslamarge.com\/wp-content\/uploads\/2023\/12\/saint-sylvestre-feu-dartifice.png 794w, https:\/\/blogjeanmi.danslamarge.com\/wp-content\/uploads\/2023\/12\/saint-sylvestre-feu-dartifice-300x169.png 300w, https:\/\/blogjeanmi.danslamarge.com\/wp-content\/uploads\/2023\/12\/saint-sylvestre-feu-dartifice-768x433.png 768w\" sizes=\"auto, (max-width: 794px) 100vw, 794px\" \/><\/a><\/figure>\n\n\n\n<p>Bref, le 31 d\u00e9cembre-1<sup>er<\/sup>janvier manie les contraires sans souci et promeut le r\u00eave de renouveau dont tout le monde sait qu\u2019il n\u2019existera pas, au-del\u00e0 de quelques vell\u00e9it\u00e9s vite retomb\u00e9es.<\/p>\n\n\n\n<p><strong>Fadaises r\u00e9p\u00e9t\u00e9es invariablement chaque ann\u00e9e\u2026<\/strong><\/p>\n\n\n\n<h2 class=\"wp-block-heading\">Voici le neuf v\u00e9ritable<\/h2>\n\n\n\n<p>Et voici venu le moment de lire un court extrait du Nouveau Testament.<\/p>\n\n\n\n<p>2 Corinthiens 5&nbsp;:17&nbsp;: <strong>\u00ab<\/strong><strong> Si donc quelqu\u2019un est en Christ, il est une nouvelle cr\u00e9ature&nbsp;; les choses vieilles sont pass\u00e9es&nbsp;; voici, toutes choses sont devenues nouvelles.<\/strong>&nbsp;\u00bb Version Ostie-Trinquet.<\/p>\n\n\n\n<p>Face au mensonge \u00ab&nbsp;sucr\u00e9e (ou soft)&nbsp;\u00bb de notre Saint-Sylvestre ordinaire, le menu de f\u00eate du Christ est offert 365 jours par an.<\/p>\n\n\n\n<p>Pour vivre vraiment du nouveau, il n\u2019y a qu\u2019une seule condition, exprim\u00e9e par Paul&nbsp;: <strong>Si donc quelqu\u2019un est en Christ, <\/strong>pour que tout soit renouvel\u00e9, il n\u2019y a que cela \u00e0 vivre&nbsp;: ETRE EN CHRIST.<\/p>\n\n\n\n<p>Cette formule br\u00e8ve est tr\u00e8s forte. Elle engage totalement l\u2019\u00eatre humain. Elle implique&nbsp;:<\/p>\n\n\n\n<ul class=\"wp-block-list\">\n<li>Une d\u00e9cision personnelle, un choix net et revendiqu\u00e9&nbsp;: c\u2019est la confession personnelle de foi. Chaque croyant d\u00e9cide de choisir Christ, selon des modalit\u00e9s et des circonstances diverses, il n\u2019existe aucun mod\u00e8le \u00e0 suivre.<\/li>\n\n\n\n<li>La r\u00e9ponse \u00e0 un appel pressant et permanent du Christ, r\u00e9pandu par l\u2019Eglise&nbsp;:<\/li>\n<\/ul>\n\n\n\n<p>Matthieu 11&nbsp;:28&nbsp;: \u00ab&nbsp;<strong>Venez \u00e0 moi, vous tous qui \u00eates fatigu\u00e9s et courb\u00e9s sous un fardeau, et je vous donnerai du repos.&nbsp;<\/strong>\u00bb Version Segond 21.<\/p>\n\n\n\n<p>Un appel qui est tr\u00e8s personnel&nbsp;: Apocalypse 3&nbsp;:20&nbsp;: <strong>\u00ab&nbsp;Voici, je me tiens \u00e0 la porte, et je frappe. Si quelqu\u2019un entend ma voix et ouvre la porte, j\u2019entrerai chez lui, je souperai avec lui, et lui avec moi.<\/strong>&nbsp;\u00bb Version Louis Segond 1975.<\/p>\n\n\n\n<p>Cet appel est intemporel et universel.<\/p>\n\n\n\n<ul class=\"wp-block-list\">\n<li>Un abandon de ce qui nous \u00e9crase&nbsp;: le monde profane abuse de l\u2019expression \u00ab&nbsp;l\u00e2cher prise&nbsp;\u00bb dans son march\u00e9 du d\u00e9veloppement personnel. C\u2019est J\u00e9sus qui \u00f4te le fardeau et qui est le v\u00e9ritable auteur du \u00ab&nbsp;l\u00e2cher prise&nbsp;\u00bb. Notre part est dans la mise en marche et le choix net.<\/li>\n<\/ul>\n\n\n\n<h3 class=\"wp-block-heading\">Que se passe-t-il alors&nbsp;?<\/h3>\n\n\n\n<p>La fin de la phrase de Paul, en grec, est d\u2019une bri\u00e8vet\u00e9 riche de sens&nbsp;: <strong><em>kaine ktisis<\/em><\/strong>. Deux mots qui signifie litt\u00e9ralement&nbsp;: \u00ab&nbsp;fondation nouvelle&nbsp;\u00bb. Le mot est utilis\u00e9 \u00e0 l\u2019\u00e9poque pour la cr\u00e9ation d\u2018une ville. Voil\u00e0 vraiment le nouveau d\u00e9part.<\/p>\n\n\n\n<p>\u00ab&nbsp;Etre en Christ&nbsp;\u00bb, c\u2019est accepter cette main tendue et vouloir faire le grand saut de la foi devant sa parole d\u2019appel. D\u00e8s lors nous sommes, comme Paul le d\u00e9finit dans sa lettre aux Colossiens, 3&nbsp;:3&nbsp;:<\/p>\n\n\n\n<p><strong>\u00ab&nbsp;3&nbsp; Car vous \u00eates morts, et votre vie est cach\u00e9e avec Christ en Dieu&nbsp;;&nbsp;\u00bb Version Ostie-Trinquet.<\/strong><\/p>\n\n\n\n<p>\u00ab&nbsp;<strong><em>Etre en Christ&nbsp;<\/em><\/strong>\u00bb, c\u2019est mourir volontairement, par la foi, \u00e0 notre vie humaine ordinaire&nbsp;; c\u2019est renoncer \u00e0 la Saint-Sylvestre, pour choisir la vie \u00ab&nbsp;<strong><em>cach\u00e9e en Christ<\/em><\/strong>&nbsp;\u00bb&nbsp;; c\u2019est \u00eatre une <em>fondation nouvelle<\/em> sur laquelle je puis \u00e9difier une vie nouvelle, celle de la vie en Christ, avec l\u2019Eglise. Ce n\u2019est pas une utopie, une r\u00eaverie, une l\u00e9gende&nbsp;: nous avons des milliers de t\u00e9moignages depuis 2000 ans (\u00ab&nbsp;la nu\u00e9e de t\u00e9moins&nbsp;\u00bb cit\u00e9es en H\u00e9breux 11) de cette nouvelle fondation dans la vie des saints, c\u2019est-\u00e0-dire de ceux qui se mettent \u00e0 part pour servir Dieu, ceux qui sont en Christ. Relisons le chapitre 11 des H\u00e9breux dans cette perspective, il est un pr\u00e9cieux encouragement, depuis plus de dix-neuf si\u00e8cles, pour une marche en \u00ab&nbsp;nouveaut\u00e9 de vie&nbsp;\u00bb (Romains 6&nbsp;:4&nbsp;: \u00ab&nbsp;<strong>Nous avons donc \u00e9t\u00e9 ensevelis avec lui par le bapt\u00eame en sa mort, afin que, comme Christ est ressuscit\u00e9 des morts par la gloire du P\u00e8re, de m\u00eame nous aussi nous marchions en nouveaut\u00e9 de vie<\/strong>.&nbsp;\u00bb Version Segond 1975.<\/p>\n\n\n\n<p>Des vraies vies de vrais croyants rachet\u00e9s, pas des l\u00e9gendes incroyables\u2026<\/p>\n\n\n\n<h2 class=\"wp-block-heading\">Conclusion<\/h2>\n\n\n\n<p>Devenus \u00ab&nbsp;nouvelle cr\u00e9ature&nbsp;\u00bb en Christ, nous attendons alors avec esp\u00e9rance l\u2019\u00e9tablissement final du Royaume de Dieu.<\/p>\n\n\n\n<p>Apocalypse 21&nbsp;: 2&nbsp;: \u00ab&nbsp;<strong>Et je vis descendre du ciel, d\u2019aupr\u00e8s de Dieu, la ville sainte, la nouvelle J\u00e9rusalem, pr\u00e9par\u00e9e comme une \u00e9pouse qui s\u2019est par\u00e9e pour son \u00e9poux.&nbsp;<\/strong>\u00bb Version NEG.<\/p>\n\n\n\n<p>La fondation d\u2019une nouvelle cit\u00e9, qui est l\u2019ensemble des croyants, l\u2019Eglise Universelle, l\u2019Isra\u00ebl revenu vers Dieu, pr\u00eate pour le Christ. Et alors survient cette parole proprement sid\u00e9rante&nbsp;:<\/p>\n\n\n\n<p>Apocalypse 21&nbsp;:5&nbsp;: \u00ab&nbsp;<strong>Et celui qui \u00e9tait assis sur le tr\u00f4ne dit&nbsp;: Voici, je fais toutes choses nouvelles<\/strong>.&nbsp;\u00bb Version NEG.<\/p>\n\n\n\n<p>D\u2019abord, le Christ fait de nous une nouvelle cr\u00e9ation puis, quand le temps est venu, l\u2019Eglise enti\u00e8re devient nouvelle cit\u00e9, refond\u00e9e par et sur la parole divine, parfaite et sans t\u00e2che.<\/p>\n\n\n\n<p>Et l\u00e0, tout est vraiment nouveau. On est \u00e0 l\u2019oppos\u00e9 du renouveau de pacotille du 31 d\u00e9cembre, d\u2019une Saint-Sylvestre pa\u00efenne et injuste.<\/p>\n\n\n\n<p>Nous pouvons d\u00e9cider, si nous ne l\u2019avons pas fait, de devenir \u00ab&nbsp;fondation nouvelle&nbsp;\u00bb. Et si nous l\u2019avons choisi, de nous rappeler vivement ce choix et cette promesse.<\/p>\n\n\n\n<p>Jean-Michel Dauriac \u2013 D\u00e9cembre 2023.<\/p>\n\n\n","protected":false},"excerpt":{"rendered":"<p>Ce sermon est un message de circonstance li\u00e9 \u00e0 la date du jour&nbsp;: nous sommes le 31 d\u00e9cembre, dernier jour de l\u2019ann\u00e9e civile. Ce soir&#8230;<\/p>\n<div class=\"more-link-wrapper\"><a class=\"more-link\" href=\"https:\/\/blogjeanmi.danslamarge.com\/?p=1055\">Continue reading<span class=\"screen-reader-text\">Quoi de neuf? sermon du 31 d\u00e9cembre 2023<\/span><\/a><\/div>\n","protected":false},"author":1,"featured_media":0,"comment_status":"open","ping_status":"open","sticky":false,"template":"","format":"standard","meta":{"footnotes":""},"categories":[14],"tags":[],"class_list":["post-1055","post","type-post","status-publish","format-standard","hentry","category-bible-et-vie","entry"],"_links":{"self":[{"href":"https:\/\/blogjeanmi.danslamarge.com\/index.php?rest_route=\/wp\/v2\/posts\/1055","targetHints":{"allow":["GET"]}}],"collection":[{"href":"https:\/\/blogjeanmi.danslamarge.com\/index.php?rest_route=\/wp\/v2\/posts"}],"about":[{"href":"https:\/\/blogjeanmi.danslamarge.com\/index.php?rest_route=\/wp\/v2\/types\/post"}],"author":[{"embeddable":true,"href":"https:\/\/blogjeanmi.danslamarge.com\/index.php?rest_route=\/wp\/v2\/users\/1"}],"replies":[{"embeddable":true,"href":"https:\/\/blogjeanmi.danslamarge.com\/index.php?rest_route=%2Fwp%2Fv2%2Fcomments&post=1055"}],"version-history":[{"count":1,"href":"https:\/\/blogjeanmi.danslamarge.com\/index.php?rest_route=\/wp\/v2\/posts\/1055\/revisions"}],"predecessor-version":[{"id":1059,"href":"https:\/\/blogjeanmi.danslamarge.com\/index.php?rest_route=\/wp\/v2\/posts\/1055\/revisions\/1059"}],"wp:attachment":[{"href":"https:\/\/blogjeanmi.danslamarge.com\/index.php?rest_route=%2Fwp%2Fv2%2Fmedia&parent=1055"}],"wp:term":[{"taxonomy":"category","embeddable":true,"href":"https:\/\/blogjeanmi.danslamarge.com\/index.php?rest_route=%2Fwp%2Fv2%2Fcategories&post=1055"},{"taxonomy":"post_tag","embeddable":true,"href":"https:\/\/blogjeanmi.danslamarge.com\/index.php?rest_route=%2Fwp%2Fv2%2Ftags&post=1055"}],"curies":[{"name":"wp","href":"https:\/\/api.w.org\/{rel}","templated":true}]}}