{"id":1044,"date":"2023-12-05T00:24:48","date_gmt":"2023-12-04T23:24:48","guid":{"rendered":"https:\/\/blogjeanmi.danslamarge.com\/?p=1044"},"modified":"2023-12-05T00:26:08","modified_gmt":"2023-12-04T23:26:08","slug":"guide-pratique-des-peres-de-leglise","status":"publish","type":"post","link":"https:\/\/blogjeanmi.danslamarge.com\/?p=1044","title":{"rendered":"Guide pratique des p\u00e8res de l\u2019Eglise"},"content":{"rendered":"\n<p><\/p>\n\n\n\n<h1 class=\"wp-block-heading\"><\/h1>\n\n\n\n\n\n<h3 class=\"wp-block-heading\">Adalbert Hamman&nbsp; &#8211; Descl\u00e9e de Brouwer, 1967 \u2013 335 pages<\/h3>\n\n\n<div class=\"wp-block-image\">\n<figure class=\"aligncenter size-full\"><a href=\"https:\/\/blogjeanmi.danslamarge.com\/wp-content\/uploads\/2023\/12\/guide-pratique-des-Peres-de-lEglise-couv.jpg\"><img loading=\"lazy\" decoding=\"async\" width=\"225\" height=\"225\" src=\"https:\/\/blogjeanmi.danslamarge.com\/wp-content\/uploads\/2023\/12\/guide-pratique-des-Peres-de-lEglise-couv.jpg\" alt=\"\" class=\"wp-image-1046\" srcset=\"https:\/\/blogjeanmi.danslamarge.com\/wp-content\/uploads\/2023\/12\/guide-pratique-des-Peres-de-lEglise-couv.jpg 225w, https:\/\/blogjeanmi.danslamarge.com\/wp-content\/uploads\/2023\/12\/guide-pratique-des-Peres-de-lEglise-couv-150x150.jpg 150w\" sizes=\"auto, (max-width: 225px) 100vw, 225px\" \/><\/a><\/figure>\n<\/div>\n\n<div class=\"wp-block-image\">\n<figure class=\"aligncenter size-full is-resized\"><a href=\"https:\/\/blogjeanmi.danslamarge.com\/wp-content\/uploads\/2023\/12\/Pour-lire-les-Peres-de-lEglise-couv.jpg\"><img loading=\"lazy\" decoding=\"async\" width=\"1000\" height=\"996\" src=\"https:\/\/blogjeanmi.danslamarge.com\/wp-content\/uploads\/2023\/12\/Pour-lire-les-Peres-de-lEglise-couv.jpg\" alt=\"\" class=\"wp-image-1047\" style=\"width:265px;height:auto\" srcset=\"https:\/\/blogjeanmi.danslamarge.com\/wp-content\/uploads\/2023\/12\/Pour-lire-les-Peres-de-lEglise-couv.jpg 1000w, https:\/\/blogjeanmi.danslamarge.com\/wp-content\/uploads\/2023\/12\/Pour-lire-les-Peres-de-lEglise-couv-300x300.jpg 300w, https:\/\/blogjeanmi.danslamarge.com\/wp-content\/uploads\/2023\/12\/Pour-lire-les-Peres-de-lEglise-couv-150x150.jpg 150w, https:\/\/blogjeanmi.danslamarge.com\/wp-content\/uploads\/2023\/12\/Pour-lire-les-Peres-de-lEglise-couv-768x765.jpg 768w\" sizes=\"auto, (max-width: 1000px) 100vw, 1000px\" \/><\/a><figcaption class=\"wp-element-caption\">Les deux couvertures des \u00e9ditions du livre<\/figcaption><\/figure>\n<\/div>\n\n\n<p>Voici un livre ancien que je recommande vivement, qui se trouve facilement d\u2019occasion sur internet et qui se lit vraiment tr\u00e8s ais\u00e9ment.<\/p>\n\n\n\n<p>La connaissance des P\u00e8res de l\u2019Eglise est affaire de th\u00e9ologiens et d\u2019historiens, me direz-vous. Et catholiques de surcro\u00eet. C\u2019est effectivement la r\u00e9alit\u00e9 pratique d\u2019aujourd\u2019hui. Ce que l\u2019on nomme la patristique ou patrologie est une sp\u00e9cialit\u00e9 universitaire dont se tiennent \u00e9loign\u00e9s les chr\u00e9tiens, dont la plupart ignorent m\u00eame l\u2019existence et le nom. Or, ces textes sont ceux qui constituent, dans le sein de l\u2019Eglise catholique romaine, la Tradition, source dogmatique de m\u00eame importance que les saintes Ecritures. On comprend donc qu\u2019ils soient d\u00e9cisifs pour cette Eglise et son histoire doctrinale. Evidemment, les protestants rejettent la Tradition comme \u00e9criture inspir\u00e9e, et en restent au <em>Sola Scriptura<\/em>, une seule Ecriture, la Bible. Dans la pratique, la Facult\u00e9 de th\u00e9ologie protestante de Strasbourg comporte un d\u00e9partement et une revue de patristique. Car on ne peut ignorer ces \u00e9crits, souvent seules sources de renseignements sur l\u2019Eglise des premiers si\u00e8cles. Mais dans le cycle complet d\u2019\u00e9tudes th\u00e9ologiques, il n\u2019y a aucun enseignement sp\u00e9cifique consacr\u00e9s aux P\u00e8res de l\u2019Eglise. Ils sont approch\u00e9s par le biais de l\u2019histoire de l\u2019Eglise ou par la dogmatique. Ce qui laisse la plupart des dipl\u00f4m\u00e9s (et donc des futurs pasteurs ) ignorants de ce patrimoine.<\/p>\n\n\n\n<p>C\u2019est pourquoi je me permets de conseiller absolument la lecture de cet ouvrage, et particuli\u00e8rement \u00e0 mes lecteurs protestants. Il s\u2019agit d\u2019une belle introduction \u00e0 la patrologie, et un excellent \u00e9clairage sur une certaine histoire de l\u2019Eglise des premiers si\u00e8cles.<\/p>\n\n\n\n<p>Les P\u00e8res de l\u2019Eglise sont des auteurs que le pape Jean-Paul II a appel\u00e9 ceux <em>\u00ab\u00a0qui, par la force de leur foi, par l&rsquo;\u00e9l\u00e9vation et la f\u00e9condit\u00e9 de leur doctrine ont donn\u00e9 \u00e0 l&rsquo;\u00c9glise une vigueur nouvelle et un nouvel essor. Ils sont vraiment les &lsquo;P\u00e8res&rsquo; de l&rsquo;\u00c9glise car c&rsquo;est d&rsquo;eux, par l&rsquo;\u00c9vangile, qu&rsquo;elle a re\u00e7u la vie. Ils sont \u00e9galement les b\u00e2tisseurs puisque, sur la base de l&rsquo;unique fondement pos\u00e9 par les ap\u00f4tres, (&#8230;\u2026) ils ont \u00e9difi\u00e9 les premi\u00e8res structures de l&rsquo;\u00c9glise de Dieu.\u00a0\u00bb<\/em>&nbsp;L\u2019Eglise n\u2019en a pas dress\u00e9 une liste d\u00e9finitive, mais il s\u2019agit plut\u00f4t d\u2019un consensus sur le temps long. Il existe des diff\u00e9rences selon l\u2019Eglise catholique ou orthodoxe. Je joins en fin de cette article une liste chronologique emprunt\u00e9 \u00e0 l\u2019article de Wikip\u00e9dia, \u00ab&nbsp;P\u00e8res de l\u2019Eglise&nbsp;\u00bb.<\/p>\n\n\n\n<p>L\u2019ouvrage du p\u00e8re Hamman est la pr\u00e9sentation d\u2019une s\u00e9lection des P\u00e8res les plus importants et les plus incontestables. Il a ainsi choisi vingt auteurs, r\u00e9partis du IIe au Ve si\u00e8cle. La m\u00e9thode est d\u2019offrir une pr\u00e9sentation standardis\u00e9e comprenant l\u2019\u00e9tude du contexte historique et religieux, la vie de l\u2019homme, puis son \u0153uvre. Chaque pr\u00e9sentation se cl\u00f4t par un texte de cet auteur, occasion de d\u00e9couvrir le style et la pens\u00e9e.&nbsp; Chaque chapitre ouvre par une repr\u00e9sentation iconographique du personnage et se termine par l\u2019extrait choisi. De nombreuses illustrations sont r\u00e9parties au fil des pages, en noir et blanc, pour l\u2019essentiel des reproductions d\u2019oeuvres d\u2019art. Le r\u00e9sultat est m\u00e9diocre, car la r\u00e9solution des reproductions est faible et les contrastes d\u2019impression mauvais. C\u2019est le mauvais point de ce livre. Pour le reste, il est tr\u00e8s bien fait, \u00e9crit dans un style alerte, facile \u00e0 lire et n\u2019abusant pas des termes th\u00e9ologiques abscons qui pourraient d\u00e9sorienter le lecteur lambda. L\u2019auteur a une grande \u00e9rudition en la mati\u00e8re, c\u2019est tr\u00e8s sensible \u00e0 la lecture. Il a aussi une belle objectivit\u00e9, notamment quand il d\u00e9crit le caract\u00e8re ou le comportement de ces hommes. Il ne se livre pas \u00e0 un travail hagiographique, mais essaie de rester dans l\u2019humanit\u00e9 de ces auteurs.<\/p>\n\n\n\n<p>Ce livre atteint parfaitement son but. Il donne envie de mieux conna\u00eetre certains P\u00e8res et apporte de bonnes connaissances de base. L\u2019anthologie de textes est \u00e9galement pr\u00e9cieuse, car elle aborde des sujets divers et pr\u00e9cise certaines pratiques ou croyances de l\u2019Eglise primitive.<\/p>\n\n\n\n<p>Pour toutes ces raisons, je recommande vivement la lecture ce livre, qui peut se lire dans le d\u00e9sordre, auteur par auteur. Il deviendra une r\u00e9f\u00e9rence de la biblioth\u00e8que chr\u00e9tienne de base.<\/p>\n\n\n\n<p>Annexe\u00a0: liste des P\u00e8res de l\u2019Eglise\u00a0: source\u00a0: <a href=\"https:\/\/fr.wikipedia.org\/wiki\/P%C3%A8res_de_l%27%C3%89glise\" target=\"_blank\" rel=\"noreferrer noopener\">https:\/\/fr.wikipedia.org\/wiki\/P%C3%A8res_de_l%27%C3%89glise<\/a><\/p>\n\n\n\n<p>Les P\u00e8res pr\u00e9sent\u00e9s dans le livre sont en caract\u00e8res gras dans la liste ci-dessous.<\/p>\n\n\n\n<h2 class=\"wp-block-heading\">Les P\u00e8res ant\u00e9nic\u00e9ens (jusqu&rsquo;en 325)<\/h2>\n\n\n\n<p>Articles d\u00e9taill\u00e9s&nbsp;:&nbsp;<a href=\"https:\/\/fr.wikipedia.org\/wiki\/Patristique\">Patristique<\/a>&nbsp;et&nbsp;<a href=\"https:\/\/fr.wikipedia.org\/wiki\/Premier_concile_de_Nic%C3%A9e\">Premier concile de Nic\u00e9e<\/a>.<\/p>\n\n\n\n<h3 class=\"wp-block-heading\">Les P\u00e8res apostoliques<\/h3>\n\n\n\n<ul class=\"wp-block-list\">\n<li>\u00b7&nbsp;&nbsp;&nbsp;&nbsp;&nbsp;&nbsp;&nbsp;&nbsp;&nbsp;&nbsp;&nbsp;&nbsp;&nbsp;&nbsp;&nbsp;&nbsp;&nbsp;&nbsp;&nbsp; l&rsquo;auteur de la&nbsp;<a href=\"https:\/\/fr.wikipedia.org\/wiki\/Didach%C3%A8\">Didach\u00e8<\/a>&nbsp;(i<sup>er<\/sup>&nbsp;si\u00e8cle)<\/li>\n\n\n\n<li>\u00b7&nbsp;&nbsp;&nbsp;&nbsp;&nbsp;&nbsp;&nbsp;&nbsp;&nbsp;&nbsp;&nbsp;&nbsp;&nbsp;&nbsp;&nbsp;&nbsp;&nbsp;&nbsp;&nbsp; <a href=\"https:\/\/fr.wikipedia.org\/wiki\/Cl%C3%A9ment_de_Rome\">Cl\u00e9ment de Rome<\/a>&nbsp;(mort en&nbsp;<a href=\"https:\/\/fr.wikipedia.org\/wiki\/101\">101<\/a>)<\/li>\n\n\n\n<li>\u00b7&nbsp;&nbsp;&nbsp;&nbsp;&nbsp;&nbsp;&nbsp;&nbsp;&nbsp;&nbsp;&nbsp;&nbsp;&nbsp;&nbsp;&nbsp;&nbsp;&nbsp;&nbsp;&nbsp; <strong><a href=\"https:\/\/fr.wikipedia.org\/wiki\/Ignace_d%27Antioche\">Ignace d&rsquo;Antioche<\/a>&nbsp;<\/strong>(mort entre&nbsp;<a href=\"https:\/\/fr.wikipedia.org\/wiki\/105\">105<\/a>&nbsp;et&nbsp;<a href=\"https:\/\/fr.wikipedia.org\/wiki\/135\">135<\/a>)<\/li>\n\n\n\n<li>\u00b7&nbsp;&nbsp;&nbsp;&nbsp;&nbsp;&nbsp;&nbsp;&nbsp;&nbsp;&nbsp;&nbsp;&nbsp;&nbsp;&nbsp;&nbsp;&nbsp;&nbsp;&nbsp;&nbsp; l&rsquo;auteur de l&rsquo;<a href=\"https:\/\/fr.wikipedia.org\/wiki\/%C3%89p%C3%AEtre_de_Barnab%C3%A9\">\u00c9p\u00eetre de Barnab\u00e9<\/a>&nbsp;(vers&nbsp;<a href=\"https:\/\/fr.wikipedia.org\/wiki\/130\">130<\/a>\/<a href=\"https:\/\/fr.wikipedia.org\/wiki\/132\">132<\/a>)<\/li>\n\n\n\n<li>\u00b7&nbsp;&nbsp;&nbsp;&nbsp;&nbsp;&nbsp;&nbsp;&nbsp;&nbsp;&nbsp;&nbsp;&nbsp;&nbsp;&nbsp;&nbsp;&nbsp;&nbsp;&nbsp;&nbsp; <a href=\"https:\/\/fr.wikipedia.org\/wiki\/Hermas\">Hermas<\/a>, auteur du&nbsp;<em><a href=\"https:\/\/fr.wikipedia.org\/wiki\/Pasteur_d%27Hermas\">Pasteur<\/a><\/em>&nbsp;(entre&nbsp;<a href=\"https:\/\/fr.wikipedia.org\/wiki\/130\">130<\/a>&nbsp;et&nbsp;<a href=\"https:\/\/fr.wikipedia.org\/wiki\/140\">140<\/a>)<\/li>\n\n\n\n<li>\u00b7&nbsp;&nbsp;&nbsp;&nbsp;&nbsp;&nbsp;&nbsp;&nbsp;&nbsp;&nbsp;&nbsp;&nbsp;&nbsp;&nbsp;&nbsp;&nbsp;&nbsp;&nbsp;&nbsp; <a href=\"https:\/\/fr.wikipedia.org\/wiki\/Papias_d%27Hi%C3%A9rapolis\">Papias d&rsquo;Hi\u00e9rapolis<\/a>&nbsp;(mort v.&nbsp;<a href=\"https:\/\/fr.wikipedia.org\/wiki\/140\">140<\/a>)<\/li>\n\n\n\n<li>\u00b7&nbsp;&nbsp;&nbsp;&nbsp;&nbsp;&nbsp;&nbsp;&nbsp;&nbsp;&nbsp;&nbsp;&nbsp;&nbsp;&nbsp;&nbsp;&nbsp;&nbsp;&nbsp;&nbsp; <a href=\"https:\/\/fr.wikipedia.org\/wiki\/Polycarpe_de_Smyrne\">Polycarpe de Smyrne<\/a>&nbsp;(mort entre&nbsp;<a href=\"https:\/\/fr.wikipedia.org\/wiki\/155\">155<\/a>&nbsp;et&nbsp;<a href=\"https:\/\/fr.wikipedia.org\/wiki\/167\">167<\/a>)<\/li>\n<\/ul>\n\n\n\n<h3 class=\"wp-block-heading\">Les P\u00e8res du&nbsp;ii<sup>e<\/sup>&nbsp;si\u00e8cle<\/h3>\n\n\n\n<p><strong>Les apolog\u00e8tes<\/strong><\/p>\n\n\n\n<ul class=\"wp-block-list\">\n<li>\u00b7&nbsp;&nbsp;&nbsp;&nbsp;&nbsp;&nbsp;&nbsp;&nbsp;&nbsp;&nbsp;&nbsp;&nbsp;&nbsp;&nbsp;&nbsp;&nbsp;&nbsp;&nbsp;&nbsp; <a href=\"https:\/\/fr.wikipedia.org\/wiki\/Aristide_d%27Ath%C3%A8nes\">Aristide d&rsquo;Ath\u00e8nes<\/a>&nbsp;(n\u00e9 v.&nbsp;<a href=\"https:\/\/fr.wikipedia.org\/wiki\/130\">130<\/a>\/<a href=\"https:\/\/fr.wikipedia.org\/wiki\/140\">140<\/a>)<\/li>\n\n\n\n<li>\u00b7&nbsp;&nbsp;&nbsp;&nbsp;&nbsp;&nbsp;&nbsp;&nbsp;&nbsp;&nbsp;&nbsp;&nbsp;&nbsp;&nbsp;&nbsp;&nbsp;&nbsp;&nbsp;&nbsp; <strong><a href=\"https:\/\/fr.wikipedia.org\/wiki\/Justin_de_Naplouse\">Justin de Naplouse<\/a><\/strong>&nbsp;(mort en&nbsp;<a href=\"https:\/\/fr.wikipedia.org\/wiki\/165\">165<\/a>)<\/li>\n\n\n\n<li>\u00b7&nbsp;&nbsp;&nbsp;&nbsp;&nbsp;&nbsp;&nbsp;&nbsp;&nbsp;&nbsp;&nbsp;&nbsp;&nbsp;&nbsp;&nbsp;&nbsp;&nbsp;&nbsp;&nbsp; <a href=\"https:\/\/fr.wikipedia.org\/wiki\/Ath%C3%A9nagoras_d%27Ath%C3%A8nes\">Ath\u00e9nagoras d&rsquo;Ath\u00e8nes<\/a>&nbsp;(n\u00e9 v.&nbsp;<a href=\"https:\/\/fr.wikipedia.org\/wiki\/180\">180<\/a>)<\/li>\n\n\n\n<li>\u00b7&nbsp;&nbsp;&nbsp;&nbsp;&nbsp;&nbsp;&nbsp;&nbsp;&nbsp;&nbsp;&nbsp;&nbsp;&nbsp;&nbsp;&nbsp;&nbsp;&nbsp;&nbsp;&nbsp; <a href=\"https:\/\/fr.wikipedia.org\/wiki\/Tatien_le_Syrien\">Tatien le Syrien<\/a>&nbsp;&#8211; Disciple de Justin (av.&nbsp;<a href=\"https:\/\/fr.wikipedia.org\/wiki\/155\">155<\/a>&nbsp;&#8211; ap.&nbsp;<a href=\"https:\/\/fr.wikipedia.org\/wiki\/172\">172<\/a>)<\/li>\n\n\n\n<li>\u00b7&nbsp;&nbsp;&nbsp;&nbsp;&nbsp;&nbsp;&nbsp;&nbsp;&nbsp;&nbsp;&nbsp;&nbsp;&nbsp;&nbsp;&nbsp;&nbsp;&nbsp;&nbsp;&nbsp; <a href=\"https:\/\/fr.wikipedia.org\/wiki\/M%C3%A9liton_de_Sardes\">M\u00e9liton de Sardes<\/a>&nbsp;(n\u00e9 v.&nbsp;<a href=\"https:\/\/fr.wikipedia.org\/wiki\/160\">160<\/a>\/<a href=\"https:\/\/fr.wikipedia.org\/wiki\/170\">170<\/a>)<\/li>\n\n\n\n<li>\u00b7&nbsp;&nbsp;&nbsp;&nbsp;&nbsp;&nbsp;&nbsp;&nbsp;&nbsp;&nbsp;&nbsp;&nbsp;&nbsp;&nbsp;&nbsp;&nbsp;&nbsp;&nbsp;&nbsp; <a href=\"https:\/\/fr.wikipedia.org\/wiki\/Th%C3%A9ophile_d%27Antioche\">Th\u00e9ophile d&rsquo;Antioche<\/a>&nbsp;(n\u00e9 v.&nbsp;<a href=\"https:\/\/fr.wikipedia.org\/wiki\/180\">180<\/a>)<\/li>\n\n\n\n<li>\u00b7&nbsp;&nbsp;&nbsp;&nbsp;&nbsp;&nbsp;&nbsp;&nbsp;&nbsp;&nbsp;&nbsp;&nbsp;&nbsp;&nbsp;&nbsp;&nbsp;&nbsp;&nbsp;&nbsp; l&rsquo;auteur de l&rsquo;<a href=\"https:\/\/fr.wikipedia.org\/wiki\/%C3%89p%C3%AEtre_%C3%A0_Diogn%C3%A8te\">\u00c9p\u00eetre \u00e0 Diogn\u00e8te<\/a>&nbsp;(entre&nbsp;<a href=\"https:\/\/fr.wikipedia.org\/wiki\/140\">140<\/a>&nbsp;et&nbsp;<a href=\"https:\/\/fr.wikipedia.org\/wiki\/200\">200<\/a>)<\/li>\n<\/ul>\n\n\n\n<p><strong>La litt\u00e9rature anti-h\u00e9r\u00e9tique<\/strong><\/p>\n\n\n\n<ul class=\"wp-block-list\">\n<li>\u00b7&nbsp;&nbsp;&nbsp;&nbsp;&nbsp;&nbsp;&nbsp;&nbsp;&nbsp;&nbsp;&nbsp;&nbsp;&nbsp;&nbsp;&nbsp;&nbsp;&nbsp;&nbsp;&nbsp; <strong><a href=\"https:\/\/fr.wikipedia.org\/wiki\/Ir%C3%A9n%C3%A9e_de_Lyon\">Ir\u00e9n\u00e9e de Lyon<\/a><\/strong>&nbsp;&#8211; Docteur de l&rsquo;\u00c9glise, \u00e9v\u00eaque de Lyon (v.&nbsp;<a href=\"https:\/\/fr.wikipedia.org\/wiki\/120\">120<\/a>&nbsp;&#8211;&nbsp;<a href=\"https:\/\/fr.wikipedia.org\/wiki\/208\">208<\/a>)<\/li>\n\n\n\n<li>\u00b7&nbsp;&nbsp;&nbsp;&nbsp;&nbsp;&nbsp;&nbsp;&nbsp;&nbsp;&nbsp;&nbsp;&nbsp;&nbsp;&nbsp;&nbsp;&nbsp;&nbsp;&nbsp;&nbsp; <a href=\"https:\/\/fr.wikipedia.org\/wiki\/Hippolyte_de_Rome\">Hippolyte de Rome<\/a>&nbsp;(v.&nbsp;<a href=\"https:\/\/fr.wikipedia.org\/wiki\/170\">170<\/a>&nbsp;&#8211; v.&nbsp;<a href=\"https:\/\/fr.wikipedia.org\/wiki\/235\">235<\/a>)<\/li>\n<\/ul>\n\n\n\n<h3 class=\"wp-block-heading\">Les P\u00e8res du&nbsp;iii<sup>e<\/sup>&nbsp;si\u00e8cle<\/h3>\n\n\n\n<p><strong>P\u00e8res grecs<\/strong><\/p>\n\n\n\n<ul class=\"wp-block-list\">\n<li>\u00b7&nbsp;&nbsp;&nbsp;&nbsp;&nbsp;&nbsp;&nbsp;&nbsp;&nbsp;&nbsp;&nbsp;&nbsp;&nbsp;&nbsp;&nbsp;&nbsp;&nbsp;&nbsp;&nbsp; <strong><a href=\"https:\/\/fr.wikipedia.org\/wiki\/Orig%C3%A8ne\">Orig\u00e8ne<\/a>&nbsp;<\/strong>(<a href=\"https:\/\/fr.wikipedia.org\/wiki\/185\">185<\/a>&nbsp;&#8211;&nbsp;<a href=\"https:\/\/fr.wikipedia.org\/wiki\/254\">254<\/a>) (n&rsquo;a pas fait l&rsquo;objet du consensus eccl\u00e9siastique)<\/li>\n\n\n\n<li>\u00b7&nbsp;&nbsp;&nbsp;&nbsp;&nbsp;&nbsp;&nbsp;&nbsp;&nbsp;&nbsp;&nbsp;&nbsp;&nbsp;&nbsp;&nbsp;&nbsp;&nbsp;&nbsp;&nbsp; <strong><a href=\"https:\/\/fr.wikipedia.org\/wiki\/Cl%C3%A9ment_d%27Alexandrie\">Cl\u00e9ment d&rsquo;Alexandrie<\/a><\/strong>&nbsp;(vers&nbsp;<a href=\"https:\/\/fr.wikipedia.org\/wiki\/150\">150<\/a>&nbsp;&#8211; vers&nbsp;<a href=\"https:\/\/fr.wikipedia.org\/wiki\/220\">220<\/a>)<\/li>\n\n\n\n<li>\u00b7&nbsp;&nbsp;&nbsp;&nbsp;&nbsp;&nbsp;&nbsp;&nbsp;&nbsp;&nbsp;&nbsp;&nbsp;&nbsp;&nbsp;&nbsp;&nbsp;&nbsp;&nbsp;&nbsp; <a href=\"https:\/\/fr.wikipedia.org\/wiki\/Denys_d%27Alexandrie\">Denys d&rsquo;Alexandrie<\/a>&nbsp;(mort en&nbsp;<a href=\"https:\/\/fr.wikipedia.org\/wiki\/264\">264<\/a>\/<a href=\"https:\/\/fr.wikipedia.org\/wiki\/265\">265<\/a>)<\/li>\n\n\n\n<li>\u00b7&nbsp;&nbsp;&nbsp;&nbsp;&nbsp;&nbsp;&nbsp;&nbsp;&nbsp;&nbsp;&nbsp;&nbsp;&nbsp;&nbsp;&nbsp;&nbsp;&nbsp;&nbsp;&nbsp; <a href=\"https:\/\/fr.wikipedia.org\/wiki\/Pierre_d%27Alexandrie\">Pierre d&rsquo;Alexandrie<\/a>&nbsp;(mort en&nbsp;<a href=\"https:\/\/fr.wikipedia.org\/wiki\/311\">311<\/a>)<\/li>\n\n\n\n<li>\u00b7&nbsp;&nbsp;&nbsp;&nbsp;&nbsp;&nbsp;&nbsp;&nbsp;&nbsp;&nbsp;&nbsp;&nbsp;&nbsp;&nbsp;&nbsp;&nbsp;&nbsp;&nbsp;&nbsp; <a href=\"https:\/\/fr.wikipedia.org\/wiki\/M%C3%A9thode_d%27Olympe\">M\u00e9thode d&rsquo;Olympe<\/a><\/li>\n<\/ul>\n\n\n\n<p><strong>P\u00e8res latins<\/strong><\/p>\n\n\n\n<ul class=\"wp-block-list\">\n<li>\u00b7&nbsp;&nbsp;&nbsp;&nbsp;&nbsp;&nbsp;&nbsp;&nbsp;&nbsp;&nbsp;&nbsp;&nbsp;&nbsp;&nbsp;&nbsp;&nbsp;&nbsp;&nbsp;&nbsp; <strong><a href=\"https:\/\/fr.wikipedia.org\/wiki\/Tertullien\">Tertullien<\/a><\/strong>&nbsp;(vers&nbsp;<a href=\"https:\/\/fr.wikipedia.org\/wiki\/155\">155<\/a>&nbsp;&#8211; apr\u00e8s&nbsp;<a href=\"https:\/\/fr.wikipedia.org\/wiki\/220\">220<\/a>) (n&rsquo;a pas fait l&rsquo;objet du consensus eccl\u00e9siastique)<\/li>\n\n\n\n<li>\u00b7&nbsp;&nbsp;&nbsp;&nbsp;&nbsp;&nbsp;&nbsp;&nbsp;&nbsp;&nbsp;&nbsp;&nbsp;&nbsp;&nbsp;&nbsp;&nbsp;&nbsp;&nbsp;&nbsp; <a href=\"https:\/\/fr.wikipedia.org\/wiki\/Minucius_F%C3%A9lix\">Minucius F\u00e9lix<\/a>&nbsp;(n\u00e9 vers&nbsp;<a href=\"https:\/\/fr.wikipedia.org\/wiki\/200\">200<\/a>)<\/li>\n\n\n\n<li>\u00b7&nbsp;&nbsp;&nbsp;&nbsp;&nbsp;&nbsp;&nbsp;&nbsp;&nbsp;&nbsp;&nbsp;&nbsp;&nbsp;&nbsp;&nbsp;&nbsp;&nbsp;&nbsp;&nbsp; <strong><a href=\"https:\/\/fr.wikipedia.org\/wiki\/Cyprien_de_Carthage\">Cyprien de Carthage<\/a><\/strong>&nbsp;(vers&nbsp;<a href=\"https:\/\/fr.wikipedia.org\/wiki\/200\">200<\/a>&nbsp;&#8211;&nbsp;<a href=\"https:\/\/fr.wikipedia.org\/wiki\/258\">258<\/a>)&nbsp;;&nbsp;<a href=\"https:\/\/fr.wikipedia.org\/wiki\/Saint\">saint<\/a>&nbsp;f\u00eat\u00e9 le 16 septembre<\/li>\n\n\n\n<li>\u00b7&nbsp;&nbsp;&nbsp;&nbsp;&nbsp;&nbsp;&nbsp;&nbsp;&nbsp;&nbsp;&nbsp;&nbsp;&nbsp;&nbsp;&nbsp;&nbsp;&nbsp;&nbsp;&nbsp; <a href=\"https:\/\/fr.wikipedia.org\/wiki\/Lactance\">Lactance<\/a>&nbsp;(vers&nbsp;<a href=\"https:\/\/fr.wikipedia.org\/wiki\/260\">260<\/a>&nbsp;\u2013 vers&nbsp;<a href=\"https:\/\/fr.wikipedia.org\/wiki\/325\">325<\/a>), appel\u00e9 aussi le&nbsp;<a href=\"https:\/\/fr.wikipedia.org\/wiki\/Cic%C3%A9ron\">Cic\u00e9ron<\/a>&nbsp;chr\u00e9tien.<\/li>\n<\/ul>\n\n\n\n<h2 class=\"wp-block-heading\">L&rsquo;\u00e2ge patristique (325-451)<\/h2>\n\n\n\n<h3 class=\"wp-block-heading\">P\u00e8res oppos\u00e9s \u00e0 l&rsquo;arianisme<\/h3>\n\n\n\n<p>Article connexe&nbsp;:&nbsp;<a href=\"https:\/\/fr.wikipedia.org\/wiki\/Arianisme\">Arianisme<\/a>.<\/p>\n\n\n\n<ul class=\"wp-block-list\">\n<li>\u00b7&nbsp;&nbsp;&nbsp;&nbsp;&nbsp;&nbsp;&nbsp;&nbsp;&nbsp;&nbsp;&nbsp;&nbsp;&nbsp;&nbsp;&nbsp;&nbsp;&nbsp;&nbsp;&nbsp; <a href=\"https:\/\/fr.wikipedia.org\/wiki\/Eustathe_d%27Antioche\">Eustathe d&rsquo;Antioche<\/a>&nbsp;(<a href=\"https:\/\/fr.wikipedia.org\/wiki\/230\">230<\/a>&nbsp;&#8211;&nbsp;<a href=\"https:\/\/fr.wikipedia.org\/wiki\/327\">327<\/a>&nbsp;ou&nbsp;<a href=\"https:\/\/fr.wikipedia.org\/wiki\/330\">330<\/a>)<\/li>\n\n\n\n<li>\u00b7&nbsp;&nbsp;&nbsp;&nbsp;&nbsp;&nbsp;&nbsp;&nbsp;&nbsp;&nbsp;&nbsp;&nbsp;&nbsp;&nbsp;&nbsp;&nbsp;&nbsp;&nbsp;&nbsp; <strong><a href=\"https:\/\/fr.wikipedia.org\/wiki\/Cyrille_de_J%C3%A9rusalem\">Cyrille de J\u00e9rusalem<\/a><\/strong>&nbsp;&#8211; Docteur de l&rsquo;\u00c9glise (mort en&nbsp;<a href=\"https:\/\/fr.wikipedia.org\/wiki\/387\">387<\/a>)<\/li>\n\n\n\n<li>\u00b7&nbsp;&nbsp;&nbsp;&nbsp;&nbsp;&nbsp;&nbsp;&nbsp;&nbsp;&nbsp;&nbsp;&nbsp;&nbsp;&nbsp;&nbsp;&nbsp;&nbsp;&nbsp;&nbsp; <a href=\"https:\/\/fr.wikipedia.org\/wiki\/Alexandre_d%27Alexandrie\">Alexandre d&rsquo;Alexandrie<\/a>&nbsp;(mort en&nbsp;<a href=\"https:\/\/fr.wikipedia.org\/wiki\/328\">328<\/a>)<\/li>\n\n\n\n<li>\u00b7&nbsp;&nbsp;&nbsp;&nbsp;&nbsp;&nbsp;&nbsp;&nbsp;&nbsp;&nbsp;&nbsp;&nbsp;&nbsp;&nbsp;&nbsp;&nbsp;&nbsp;&nbsp;&nbsp; <strong><a href=\"https:\/\/fr.wikipedia.org\/wiki\/Athanase_d%27Alexandrie\">Athanase d&rsquo;Alexandrie<\/a><\/strong>&nbsp;&#8211; Docteur de l&rsquo;\u00c9glise (v.&nbsp;<a href=\"https:\/\/fr.wikipedia.org\/wiki\/296\">296<\/a>&nbsp;&#8211;&nbsp;<a href=\"https:\/\/fr.wikipedia.org\/wiki\/373\">373<\/a>)<\/li>\n\n\n\n<li>\u00b7&nbsp;&nbsp;&nbsp;&nbsp;&nbsp;&nbsp;&nbsp;&nbsp;&nbsp;&nbsp;&nbsp;&nbsp;&nbsp;&nbsp;&nbsp;&nbsp;&nbsp;&nbsp;&nbsp; <a href=\"https:\/\/fr.wikipedia.org\/wiki\/Didyme_l%27Aveugle\">Didyme l&rsquo;Aveugle<\/a>&nbsp;(<a href=\"https:\/\/fr.wikipedia.org\/wiki\/313\">313<\/a>&nbsp;&#8211;&nbsp;<a href=\"https:\/\/fr.wikipedia.org\/wiki\/398\">398<\/a>)<\/li>\n\n\n\n<li>\u00b7&nbsp;&nbsp;&nbsp;&nbsp;&nbsp;&nbsp;&nbsp;&nbsp;&nbsp;&nbsp;&nbsp;&nbsp;&nbsp;&nbsp;&nbsp;&nbsp;&nbsp;&nbsp;&nbsp; <strong><a href=\"https:\/\/fr.wikipedia.org\/wiki\/Hilaire_de_Poitiers\">Hilaire de Poitiers<\/a><\/strong>&nbsp;(<a href=\"https:\/\/fr.wikipedia.org\/wiki\/315\">315<\/a>&nbsp;&#8211;&nbsp;<a href=\"https:\/\/fr.wikipedia.org\/wiki\/367\">367<\/a>)<\/li>\n\n\n\n<li>\u00b7&nbsp;&nbsp;&nbsp;&nbsp;&nbsp;&nbsp;&nbsp;&nbsp;&nbsp;&nbsp;&nbsp;&nbsp;&nbsp;&nbsp;&nbsp;&nbsp;&nbsp;&nbsp;&nbsp; <a href=\"https:\/\/fr.wikipedia.org\/wiki\/Marius_Victorinus\">Marius Victorinus<\/a>&nbsp;(mort apr.&nbsp;<a href=\"https:\/\/fr.wikipedia.org\/wiki\/362\">362<\/a>)<\/li>\n\n\n\n<li>\u00b7&nbsp;&nbsp;&nbsp;&nbsp;&nbsp;&nbsp;&nbsp;&nbsp;&nbsp;&nbsp;&nbsp;&nbsp;&nbsp;&nbsp;&nbsp;&nbsp;&nbsp;&nbsp;&nbsp; <a href=\"https:\/\/fr.wikipedia.org\/wiki\/Ambroise_de_Milan\">Ambroise de Milan<\/a>&nbsp;&#8211; Docteur de l&rsquo;\u00c9glise (<a href=\"https:\/\/fr.wikipedia.org\/wiki\/339\">339<\/a>&nbsp;&#8211;&nbsp;<a href=\"https:\/\/fr.wikipedia.org\/wiki\/394\">394<\/a>)<\/li>\n<\/ul>\n\n\n\n<h3 class=\"wp-block-heading\">P\u00e8res cappadociens et Jean Chrysostome<\/h3>\n\n\n\n<ul class=\"wp-block-list\">\n<li>\u00b7&nbsp;&nbsp;&nbsp;&nbsp;&nbsp;&nbsp;&nbsp;&nbsp;&nbsp;&nbsp;&nbsp;&nbsp;&nbsp;&nbsp;&nbsp;&nbsp;&nbsp;&nbsp;&nbsp; <strong><a href=\"https:\/\/fr.wikipedia.org\/wiki\/Basile_de_C%C3%A9sar%C3%A9e\">Basile de C\u00e9sar\u00e9e<\/a><\/strong>&nbsp;ou&nbsp;<em>Basile le Grand<\/em>&nbsp;&#8211; Docteur de l&rsquo;\u00c9glise (<a href=\"https:\/\/fr.wikipedia.org\/wiki\/330\">330<\/a>&nbsp;&#8211;&nbsp;<a href=\"https:\/\/fr.wikipedia.org\/wiki\/379\">379<\/a>)<\/li>\n\n\n\n<li>\u00b7&nbsp;&nbsp;&nbsp;&nbsp;&nbsp;&nbsp;&nbsp;&nbsp;&nbsp;&nbsp;&nbsp;&nbsp;&nbsp;&nbsp;&nbsp;&nbsp;&nbsp;&nbsp;&nbsp; <strong><a href=\"https:\/\/fr.wikipedia.org\/wiki\/Gr%C3%A9goire_de_Nazianze\">Gr\u00e9goire de Nazianze<\/a><\/strong>&nbsp;le Th\u00e9ologien &#8211; Docteur de l&rsquo;\u00c9glise (<a href=\"https:\/\/fr.wikipedia.org\/wiki\/329\">329<\/a>&nbsp;&#8211;&nbsp;<a href=\"https:\/\/fr.wikipedia.org\/wiki\/390\">390<\/a>)<\/li>\n\n\n\n<li>\u00b7&nbsp;&nbsp;&nbsp;&nbsp;&nbsp;&nbsp;&nbsp;&nbsp;&nbsp;&nbsp;&nbsp;&nbsp;&nbsp;&nbsp;&nbsp;&nbsp;&nbsp;&nbsp;&nbsp; <a href=\"https:\/\/fr.wikipedia.org\/wiki\/Gr%C3%A9goire_de_Nysse\">Gr\u00e9goire de Nysse<\/a>&nbsp;le Mystique (<a href=\"https:\/\/fr.wikipedia.org\/wiki\/335\">335<\/a>&nbsp;&#8211;&nbsp;<a href=\"https:\/\/fr.wikipedia.org\/wiki\/394\">394<\/a>)<\/li>\n\n\n\n<li>\u00b7&nbsp;&nbsp;&nbsp;&nbsp;&nbsp;&nbsp;&nbsp;&nbsp;&nbsp;&nbsp;&nbsp;&nbsp;&nbsp;&nbsp;&nbsp;&nbsp;&nbsp;&nbsp;&nbsp; <strong><a href=\"https:\/\/fr.wikipedia.org\/wiki\/Jean_Chrysostome\">Jean Chrysostome<\/a><\/strong>&nbsp;&#8211; Docteur de l&rsquo;\u00c9glise, patriarche de Constantinople (<a href=\"https:\/\/fr.wikipedia.org\/wiki\/345\">345<\/a>&nbsp;&#8211;&nbsp;<a href=\"https:\/\/fr.wikipedia.org\/wiki\/407\">407<\/a>)<\/li>\n<\/ul>\n\n\n\n<h3 class=\"wp-block-heading\">Autres p\u00e8res&nbsp;:&nbsp;2<sup>e<\/sup>,&nbsp;3<sup>e<\/sup>&nbsp;et&nbsp;4<sup>e<\/sup>&nbsp;conciles (v<sup>e<\/sup>&nbsp;si\u00e8cle)<\/h3>\n\n\n\n<p><strong>P\u00e8res grecs<\/strong><\/p>\n\n\n\n<ul class=\"wp-block-list\">\n<li>\u00b7&nbsp;&nbsp;&nbsp;&nbsp;&nbsp;&nbsp;&nbsp;&nbsp;&nbsp;&nbsp;&nbsp;&nbsp;&nbsp;&nbsp;&nbsp;&nbsp;&nbsp;&nbsp;&nbsp; <strong><a href=\"https:\/\/fr.wikipedia.org\/wiki\/Cyrille_d%27Alexandrie\">Cyrille d&rsquo;Alexandrie<\/a><\/strong>&nbsp;&#8211; Docteur de l&rsquo;\u00c9glise, le \u00ab&nbsp;sceau des P\u00e8res&nbsp;\u00bb (v.&nbsp;<a href=\"https:\/\/fr.wikipedia.org\/wiki\/380\">380<\/a>&nbsp;&#8211;&nbsp;<a href=\"https:\/\/fr.wikipedia.org\/wiki\/444\">444<\/a>)<\/li>\n\n\n\n<li>\u00b7&nbsp;&nbsp;&nbsp;&nbsp;&nbsp;&nbsp;&nbsp;&nbsp;&nbsp;&nbsp;&nbsp;&nbsp;&nbsp;&nbsp;&nbsp;&nbsp;&nbsp;&nbsp;&nbsp; <a href=\"https:\/\/fr.wikipedia.org\/wiki\/%C3%89piphane_de_Salamine\">\u00c9piphane de Salamine<\/a>&nbsp;(mort en&nbsp;<a href=\"https:\/\/fr.wikipedia.org\/wiki\/403\">403<\/a>), r\u00e9pertoire des h\u00e9r\u00e9sies.<\/li>\n<\/ul>\n\n\n\n<p><strong>P\u00e8res latins<\/strong><\/p>\n\n\n\n<ul class=\"wp-block-list\">\n<li>\u00b7&nbsp;&nbsp;&nbsp;&nbsp;&nbsp;&nbsp;&nbsp;&nbsp;&nbsp;&nbsp;&nbsp;&nbsp;&nbsp;&nbsp;&nbsp;&nbsp;&nbsp;&nbsp;&nbsp; <strong><a href=\"https:\/\/fr.wikipedia.org\/wiki\/J%C3%A9r%C3%B4me_de_Stridon\">J\u00e9r\u00f4me de Stridon<\/a><\/strong>&nbsp;&#8211; Docteur de l&rsquo;\u00c9glise (v.&nbsp;<a href=\"https:\/\/fr.wikipedia.org\/wiki\/347\">347<\/a>&nbsp;&#8211;&nbsp;<a href=\"https:\/\/fr.wikipedia.org\/wiki\/420\">420<\/a>)<\/li>\n\n\n\n<li>\u00b7&nbsp;&nbsp;&nbsp;&nbsp;&nbsp;&nbsp;&nbsp;&nbsp;&nbsp;&nbsp;&nbsp;&nbsp;&nbsp;&nbsp;&nbsp;&nbsp;&nbsp;&nbsp;&nbsp; <strong><a href=\"https:\/\/fr.wikipedia.org\/wiki\/Ambroise_de_Milan\">Ambroise de Milan<\/a><\/strong>, Docteur de l&rsquo;\u00c9glise, \u00e9v\u00eaque (v.&nbsp;<a href=\"https:\/\/fr.wikipedia.org\/wiki\/340\">340<\/a>&nbsp;&#8211;&nbsp;<a href=\"https:\/\/fr.wikipedia.org\/wiki\/397\">397<\/a>)<\/li>\n\n\n\n<li>\u00b7&nbsp;&nbsp;&nbsp;&nbsp;&nbsp;&nbsp;&nbsp;&nbsp;&nbsp;&nbsp;&nbsp;&nbsp;&nbsp;&nbsp;&nbsp;&nbsp;&nbsp;&nbsp;&nbsp; <strong><a href=\"https:\/\/fr.wikipedia.org\/wiki\/Augustin_d%27Hippone\">Augustin d&rsquo;Hippone<\/a><\/strong>&nbsp;&#8211; Docteur de l&rsquo;\u00c9glise, \u00e9v\u00eaque (<a href=\"https:\/\/fr.wikipedia.org\/wiki\/354\">354<\/a>&nbsp;&#8211;&nbsp;<a href=\"https:\/\/fr.wikipedia.org\/wiki\/430\">430<\/a>)<\/li>\n\n\n\n<li>\u00b7&nbsp;&nbsp;&nbsp;&nbsp;&nbsp;&nbsp;&nbsp;&nbsp;&nbsp;&nbsp;&nbsp;&nbsp;&nbsp;&nbsp;&nbsp;&nbsp;&nbsp;&nbsp;&nbsp; <strong><u>L\u00e9on le Grand<\/u><\/strong> \u2013 (&nbsp; mort en 461)<\/li>\n<\/ul>\n\n\n\n<p><strong>P\u00e8res syriens<\/strong><\/p>\n\n\n\n<ul class=\"wp-block-list\">\n<li>\u00b7&nbsp;&nbsp;&nbsp;&nbsp;&nbsp;&nbsp;&nbsp;&nbsp;&nbsp;&nbsp;&nbsp;&nbsp;&nbsp;&nbsp;&nbsp;&nbsp;&nbsp;&nbsp;&nbsp; <strong><a href=\"https:\/\/fr.wikipedia.org\/wiki\/%C3%89phrem_le_Syriaque\">\u00c9phrem le Syriaque<\/a><\/strong>, docteur de l&rsquo;\u00e9glise (mort en 379),<\/li>\n\n\n\n<li>\u00b7&nbsp;&nbsp;&nbsp;&nbsp;&nbsp;&nbsp;&nbsp;&nbsp;&nbsp;&nbsp;&nbsp;&nbsp;&nbsp;&nbsp;&nbsp;&nbsp;&nbsp;&nbsp;&nbsp; <a href=\"https:\/\/fr.wikipedia.org\/wiki\/Diodore_de_Tarse\">Diodore de Tarse<\/a>&nbsp;(mort av.&nbsp;<a href=\"https:\/\/fr.wikipedia.org\/wiki\/394\">394<\/a>)<\/li>\n\n\n\n<li>\u00b7&nbsp;&nbsp;&nbsp;&nbsp;&nbsp;&nbsp;&nbsp;&nbsp;&nbsp;&nbsp;&nbsp;&nbsp;&nbsp;&nbsp;&nbsp;&nbsp;&nbsp;&nbsp;&nbsp; <a href=\"https:\/\/fr.wikipedia.org\/wiki\/Th%C3%A9odoret_de_Cyr\">Th\u00e9odoret de Cyr<\/a>&nbsp;(mort v.&nbsp;<a href=\"https:\/\/fr.wikipedia.org\/wiki\/466\">466<\/a>)<\/li>\n<\/ul>\n\n\n\n<h2 class=\"wp-block-heading\">Les P\u00e8res de tradition chalc\u00e9donienne (apr\u00e8s 451)<\/h2>\n\n\n\n<p><strong>P\u00e8res grecs ant\u00e9rieurs \u00e0 la crise iconoclaste<\/strong><\/p>\n\n\n\n<ul class=\"wp-block-list\">\n<li>\u00b7&nbsp;&nbsp;&nbsp;&nbsp;&nbsp;&nbsp;&nbsp;&nbsp;&nbsp;&nbsp;&nbsp;&nbsp;&nbsp;&nbsp;&nbsp;&nbsp;&nbsp;&nbsp;&nbsp; le&nbsp;<a href=\"https:\/\/fr.wikipedia.org\/wiki\/Pseudo-Denys_l%27Ar%C3%A9opagite\">Pseudo-Denys l&rsquo;Ar\u00e9opagite<\/a>&nbsp;(fin&nbsp;v<sup>e<\/sup>&nbsp;si\u00e8cle).<\/li>\n\n\n\n<li>\u00b7&nbsp;&nbsp;&nbsp;&nbsp;&nbsp;&nbsp;&nbsp;&nbsp;&nbsp;&nbsp;&nbsp;&nbsp;&nbsp;&nbsp;&nbsp;&nbsp;&nbsp;&nbsp;&nbsp; <a href=\"https:\/\/fr.wikipedia.org\/wiki\/Sophrone_de_J%C3%A9rusalem\">Sophrone de J\u00e9rusalem<\/a>&nbsp;(mort en 644), patriarche.<\/li>\n\n\n\n<li>\u00b7&nbsp;&nbsp;&nbsp;&nbsp;&nbsp;&nbsp;&nbsp;&nbsp;&nbsp;&nbsp;&nbsp;&nbsp;&nbsp;&nbsp;&nbsp;&nbsp;&nbsp;&nbsp;&nbsp; <a href=\"https:\/\/fr.wikipedia.org\/wiki\/Maxime_le_Confesseur\">Maxime le Confesseur<\/a>&nbsp;&#8211; moine byzantin, th\u00e9ologien mystique (v.&nbsp;<a href=\"https:\/\/fr.wikipedia.org\/wiki\/580\">580<\/a>&nbsp;&#8211;&nbsp;<a href=\"https:\/\/fr.wikipedia.org\/wiki\/662\">662<\/a>).<\/li>\n<\/ul>\n\n\n\n<p><strong>P\u00e8res grecs d\u00e9fenseurs des saintes images<\/strong><\/p>\n\n\n\n<ul class=\"wp-block-list\">\n<li>\u00b7&nbsp;&nbsp;&nbsp;&nbsp;&nbsp;&nbsp;&nbsp;&nbsp;&nbsp;&nbsp;&nbsp;&nbsp;&nbsp;&nbsp;&nbsp;&nbsp;&nbsp;&nbsp;&nbsp; <a href=\"https:\/\/fr.wikipedia.org\/wiki\/Germain_Ier_de_Constantinople\">Germain&nbsp;I<sup>er<\/sup>&nbsp;de Constantinople<\/a>&nbsp;(mort en 740).<\/li>\n\n\n\n<li>\u00b7&nbsp;&nbsp;&nbsp;&nbsp;&nbsp;&nbsp;&nbsp;&nbsp;&nbsp;&nbsp;&nbsp;&nbsp;&nbsp;&nbsp;&nbsp;&nbsp;&nbsp;&nbsp;&nbsp; <a href=\"https:\/\/fr.wikipedia.org\/wiki\/Jean_Damasc%C3%A8ne\">Jean Damasc\u00e8ne<\/a>&nbsp;(v.&nbsp;<a href=\"https:\/\/fr.wikipedia.org\/wiki\/675\">675<\/a>&nbsp;&#8211;&nbsp;<a href=\"https:\/\/fr.wikipedia.org\/wiki\/749\">749<\/a>), Docteur de l&rsquo;\u00c9glise.<\/li>\n\n\n\n<li>\u00b7&nbsp;&nbsp;&nbsp;&nbsp;&nbsp;&nbsp;&nbsp;&nbsp;&nbsp;&nbsp;&nbsp;&nbsp;&nbsp;&nbsp;&nbsp;&nbsp;&nbsp;&nbsp;&nbsp; <a href=\"https:\/\/fr.wikipedia.org\/wiki\/Th%C3%A9odore_Studite\">Th\u00e9odore Studite<\/a>&nbsp;(mort en 826).<\/li>\n<\/ul>\n\n\n\n<p><strong>P\u00e8res latins<\/strong><\/p>\n\n\n\n<ul class=\"wp-block-list\">\n<li>\u00b7&nbsp;&nbsp;&nbsp;&nbsp;&nbsp;&nbsp;&nbsp;&nbsp;&nbsp;&nbsp;&nbsp;&nbsp;&nbsp;&nbsp;&nbsp;&nbsp;&nbsp;&nbsp;&nbsp; <a href=\"https:\/\/fr.wikipedia.org\/wiki\/Eucher_de_Lyon\">Eucher de Lyon<\/a>&nbsp;(mort en&nbsp;<a href=\"https:\/\/fr.wikipedia.org\/wiki\/449\">449<\/a>\/<a href=\"https:\/\/fr.wikipedia.org\/wiki\/455\">455<\/a>&nbsp;?)<\/li>\n\n\n\n<li>\u00b7&nbsp;&nbsp;&nbsp;&nbsp;&nbsp;&nbsp;&nbsp;&nbsp;&nbsp;&nbsp;&nbsp;&nbsp;&nbsp;&nbsp;&nbsp;&nbsp;&nbsp;&nbsp;&nbsp; <a href=\"https:\/\/fr.wikipedia.org\/wiki\/Bo%C3%A8ce\">Bo\u00e8ce<\/a>&nbsp;&#8211; le Philosophe (<a href=\"https:\/\/fr.wikipedia.org\/wiki\/480\">480<\/a>&nbsp;&#8211;&nbsp;<a href=\"https:\/\/fr.wikipedia.org\/wiki\/524\">524<\/a>)<\/li>\n\n\n\n<li>\u00b7&nbsp;&nbsp;&nbsp;&nbsp;&nbsp;&nbsp;&nbsp;&nbsp;&nbsp;&nbsp;&nbsp;&nbsp;&nbsp;&nbsp;&nbsp;&nbsp;&nbsp;&nbsp;&nbsp; *&nbsp;<a href=\"https:\/\/fr.wikipedia.org\/wiki\/Gr%C3%A9goire_le_Grand\">Gr\u00e9goire le Grand<\/a>&nbsp;&#8211; pape et Docteur de l&rsquo;\u00c9glise (v.&nbsp;<a href=\"https:\/\/fr.wikipedia.org\/wiki\/540\">540<\/a>&nbsp;&#8211;&nbsp;<a href=\"https:\/\/fr.wikipedia.org\/wiki\/604\">604<\/a>)<\/li>\n\n\n\n<li>\u00b7&nbsp;&nbsp;&nbsp;&nbsp;&nbsp;&nbsp;&nbsp;&nbsp;&nbsp;&nbsp;&nbsp;&nbsp;&nbsp;&nbsp;&nbsp;&nbsp;&nbsp;&nbsp;&nbsp; <a href=\"https:\/\/fr.wikipedia.org\/wiki\/Isidore_de_S%C3%A9ville\">Isidore de S\u00e9ville<\/a>&nbsp;&#8211; Docteur de l&rsquo;\u00c9glise (v.&nbsp;<a href=\"https:\/\/fr.wikipedia.org\/wiki\/560\">560<\/a>&nbsp;&#8211;&nbsp;<a href=\"https:\/\/fr.wikipedia.org\/wiki\/636\">636<\/a>)<\/li>\n<\/ul>\n\n\n\n<h2 class=\"wp-block-heading\">P\u00e8res propres \u00e0 une seule confession<\/h2>\n\n\n\n<p><strong>P\u00e8res propres \u00e0 l&rsquo;\u00c9glise orthodoxe<\/strong><\/p>\n\n\n\n<ul class=\"wp-block-list\">\n<li>\u00b7&nbsp;&nbsp;&nbsp;&nbsp;&nbsp;&nbsp;&nbsp;&nbsp;&nbsp;&nbsp;&nbsp;&nbsp;&nbsp;&nbsp;&nbsp;&nbsp;&nbsp;&nbsp;&nbsp; <a href=\"https:\/\/fr.wikipedia.org\/wiki\/Photios_Ier_de_Constantinople\">Photios&nbsp;I<sup>er<\/sup>&nbsp;de Constantinople<\/a>&nbsp;(mort en 891).<\/li>\n\n\n\n<li>\u00b7&nbsp;&nbsp;&nbsp;&nbsp;&nbsp;&nbsp;&nbsp;&nbsp;&nbsp;&nbsp;&nbsp;&nbsp;&nbsp;&nbsp;&nbsp;&nbsp;&nbsp;&nbsp;&nbsp; <a href=\"https:\/\/fr.wikipedia.org\/wiki\/Th%C3%A9ophylacte_d%27Ohrid\">Th\u00e9ophylacte d&rsquo;Ohrid<\/a>&nbsp;(xii<sup>e<\/sup>&nbsp;si\u00e8cle)<\/li>\n\n\n\n<li>\u00b7&nbsp;&nbsp;&nbsp;&nbsp;&nbsp;&nbsp;&nbsp;&nbsp;&nbsp;&nbsp;&nbsp;&nbsp;&nbsp;&nbsp;&nbsp;&nbsp;&nbsp;&nbsp;&nbsp; <a href=\"https:\/\/fr.wikipedia.org\/wiki\/Gr%C3%A9goire_Palamas\">Gr\u00e9goire Palamas<\/a>&nbsp;(xiv<sup>e<\/sup>&nbsp;si\u00e8cle).<\/li>\n\n\n\n<li>\u00b7&nbsp;&nbsp;&nbsp;&nbsp;&nbsp;&nbsp;&nbsp;&nbsp;&nbsp;&nbsp;&nbsp;&nbsp;&nbsp;&nbsp;&nbsp;&nbsp;&nbsp;&nbsp;&nbsp; <a href=\"https:\/\/fr.wikipedia.org\/wiki\/Marc_d%27%C3%89ph%C3%A8se\">Marc d&rsquo;\u00c9ph\u00e8se<\/a>&nbsp;(xv<sup>e<\/sup>&nbsp;si\u00e8cle).<\/li>\n<\/ul>\n\n\n\n<p><strong>P\u00e8res propres aux \u00c9glises non chalc\u00e9doniennes<\/strong><\/p>\n\n\n\n<ul class=\"wp-block-list\">\n<li>\u00b7&nbsp;&nbsp;&nbsp;&nbsp;&nbsp;&nbsp;&nbsp;&nbsp;&nbsp;&nbsp;&nbsp;&nbsp;&nbsp;&nbsp;&nbsp;&nbsp;&nbsp;&nbsp;&nbsp; <a href=\"https:\/\/fr.wikipedia.org\/wiki\/S%C3%A9v%C3%A8re_d%27Antioche\">S\u00e9v\u00e8re d&rsquo;Antioche<\/a>&nbsp;(<a href=\"https:\/\/fr.wikipedia.org\/wiki\/456\">456<\/a>&nbsp;&#8211;&nbsp;<a href=\"https:\/\/fr.wikipedia.org\/wiki\/538\">538<\/a>)<\/li>\n\n\n\n<li>\u00b7&nbsp;&nbsp;&nbsp;&nbsp;&nbsp;&nbsp;&nbsp;&nbsp;&nbsp;&nbsp;&nbsp;&nbsp;&nbsp;&nbsp;&nbsp;&nbsp;&nbsp;&nbsp;&nbsp; <a href=\"https:\/\/fr.wikipedia.org\/wiki\/Jacques_de_Saroug\">Jacques de Saroug<\/a>&nbsp;(vers&nbsp;<a href=\"https:\/\/fr.wikipedia.org\/wiki\/450\">450<\/a>&nbsp;&#8211; vers&nbsp;<a href=\"https:\/\/fr.wikipedia.org\/wiki\/521\">521<\/a>)<\/li>\n\n\n\n<li>\u00b7&nbsp;&nbsp;&nbsp;&nbsp;&nbsp;&nbsp;&nbsp;&nbsp;&nbsp;&nbsp;&nbsp;&nbsp;&nbsp;&nbsp;&nbsp;&nbsp;&nbsp;&nbsp;&nbsp; <a href=\"https:\/\/fr.wikipedia.org\/wiki\/Jacques_d%27%C3%89desse\">Jacques d&rsquo;\u00c9desse<\/a>&nbsp;(vers&nbsp;<a href=\"https:\/\/fr.wikipedia.org\/wiki\/633\">633<\/a>&nbsp;&#8211;&nbsp;<a href=\"https:\/\/fr.wikipedia.org\/wiki\/708\">708<\/a>)<\/li>\n<\/ul>\n\n\n\n<p><strong>P\u00e8res propres \u00e0 l&rsquo;\u00c9glise de l&rsquo;Orient<\/strong><\/p>\n\n\n\n<ul class=\"wp-block-list\">\n<li>\u00b7&nbsp;&nbsp;&nbsp;&nbsp;&nbsp;&nbsp;&nbsp;&nbsp;&nbsp;&nbsp;&nbsp;&nbsp;&nbsp;&nbsp;&nbsp;&nbsp;&nbsp;&nbsp;&nbsp; <a href=\"https:\/\/fr.wikipedia.org\/wiki\/Th%C3%A9odore_de_Mopsueste\">Th\u00e9odore de Mopsueste<\/a>&nbsp;(mort en&nbsp;<a href=\"https:\/\/fr.wikipedia.org\/wiki\/428\">428<\/a>)<\/li>\n\n\n\n<li>\u00b7&nbsp;&nbsp;&nbsp;&nbsp;&nbsp;&nbsp;&nbsp;&nbsp;&nbsp;&nbsp;&nbsp;&nbsp;&nbsp;&nbsp;&nbsp;&nbsp;&nbsp;&nbsp;&nbsp; <a href=\"https:\/\/fr.wikipedia.org\/wiki\/Narsa%C3%AF\">Narsa\u00ef<\/a>&nbsp;(av.&nbsp;<a href=\"https:\/\/fr.wikipedia.org\/wiki\/437\">437<\/a>&nbsp;&#8211;&nbsp;<a href=\"https:\/\/fr.wikipedia.org\/wiki\/503\">503<\/a>)<\/li>\n<\/ul>\n\n\n\n<p>Jean-Michel Dauriac \u2013 D\u00e9cembre 2023<\/p>\n","protected":false},"excerpt":{"rendered":"<p>Adalbert Hamman&nbsp; &#8211; Descl\u00e9e de Brouwer, 1967 \u2013 335 pages Voici un livre ancien que je recommande vivement, qui se trouve facilement d\u2019occasion sur internet&#8230;<\/p>\n<div class=\"more-link-wrapper\"><a class=\"more-link\" href=\"https:\/\/blogjeanmi.danslamarge.com\/?p=1044\">Continue reading<span class=\"screen-reader-text\">Guide pratique des p\u00e8res de l\u2019Eglise<\/span><\/a><\/div>\n","protected":false},"author":1,"featured_media":0,"comment_status":"open","ping_status":"open","sticky":false,"template":"","format":"standard","meta":{"footnotes":""},"categories":[4,19],"tags":[],"class_list":["post-1044","post","type-post","status-publish","format-standard","hentry","category-les-critiques","category-religion-spiritualite","entry"],"_links":{"self":[{"href":"https:\/\/blogjeanmi.danslamarge.com\/index.php?rest_route=\/wp\/v2\/posts\/1044","targetHints":{"allow":["GET"]}}],"collection":[{"href":"https:\/\/blogjeanmi.danslamarge.com\/index.php?rest_route=\/wp\/v2\/posts"}],"about":[{"href":"https:\/\/blogjeanmi.danslamarge.com\/index.php?rest_route=\/wp\/v2\/types\/post"}],"author":[{"embeddable":true,"href":"https:\/\/blogjeanmi.danslamarge.com\/index.php?rest_route=\/wp\/v2\/users\/1"}],"replies":[{"embeddable":true,"href":"https:\/\/blogjeanmi.danslamarge.com\/index.php?rest_route=%2Fwp%2Fv2%2Fcomments&post=1044"}],"version-history":[{"count":1,"href":"https:\/\/blogjeanmi.danslamarge.com\/index.php?rest_route=\/wp\/v2\/posts\/1044\/revisions"}],"predecessor-version":[{"id":1048,"href":"https:\/\/blogjeanmi.danslamarge.com\/index.php?rest_route=\/wp\/v2\/posts\/1044\/revisions\/1048"}],"wp:attachment":[{"href":"https:\/\/blogjeanmi.danslamarge.com\/index.php?rest_route=%2Fwp%2Fv2%2Fmedia&parent=1044"}],"wp:term":[{"taxonomy":"category","embeddable":true,"href":"https:\/\/blogjeanmi.danslamarge.com\/index.php?rest_route=%2Fwp%2Fv2%2Fcategories&post=1044"},{"taxonomy":"post_tag","embeddable":true,"href":"https:\/\/blogjeanmi.danslamarge.com\/index.php?rest_route=%2Fwp%2Fv2%2Ftags&post=1044"}],"curies":[{"name":"wp","href":"https:\/\/api.w.org\/{rel}","templated":true}]}}